{"id":209568,"date":"2021-08-19T13:09:41","date_gmt":"2021-08-19T16:09:41","guid":{"rendered":"https:\/\/www.redenoticia.com.br\/noticia\/?p=209568"},"modified":"2021-08-19T13:09:41","modified_gmt":"2021-08-19T16:09:41","slug":"resumo-tititi-20-08-jacques-e-clotilde-flagram-ariclenes-vestido-de-valentim","status":"publish","type":"post","link":"https:\/\/migracao.redenoticia.com.br\/noticia\/2021\/resumo-tititi-20-08-jacques-e-clotilde-flagram-ariclenes-vestido-de-valentim\/209568","title":{"rendered":"Resumo \u201cTiTiTi\u201d 20\/08: Jacques e Clotilde flagram Ariclenes vestido de Valentim"},"content":{"rendered":"<p><img loading=\"lazy\" decoding=\"async\" src=\"https:\/\/migracao.redenoticia.com.br\/noticia\/imagens\/tititi-elenco-personagens.jpeg\" alt=\"\" width=\"1280\" height=\"720\" class=\"aligncenter size-full wp-image-204657\" srcset=\"https:\/\/migracao.redenoticia.com.br\/noticia\/imagens\/tititi-elenco-personagens.jpeg 1280w, https:\/\/migracao.redenoticia.com.br\/noticia\/imagens\/tititi-elenco-personagens-250x140.jpeg 250w, https:\/\/migracao.redenoticia.com.br\/noticia\/imagens\/tititi-elenco-personagens-400x225.jpeg 400w, https:\/\/migracao.redenoticia.com.br\/noticia\/imagens\/tititi-elenco-personagens-768x432.jpeg 768w, https:\/\/migracao.redenoticia.com.br\/noticia\/imagens\/tititi-elenco-personagens-150x85.jpeg 150w\" sizes=\"auto, (max-width: 1280px) 100vw, 1280px\" \/><\/p>\n<p><em><strong>Resumo da novela \u201cTiTiTi\u201d<\/strong><\/em> em 20\/08: no cap\u00edtulo 105(*) da novela, Jacques provoca uma confus\u00e3o na festa de Jaqueline e \u00e9 contido por Thales. Clotilde sugere que Beatrice M. n\u00e3o d\u00ea destaque a Jaqueline em seu blog e Mabi se irrita. Tha\u00edsa tenta constranger a m\u00e3e na inaugura\u00e7\u00e3o do ateli\u00ea e Eduardo critica sua atitude. Ariclenes procura Marta para desabafar, mas acaba dormindo no meio da conversa. Thales pergunta a Jaqueline se Julinho e Eduardo s\u00e3o namorados. Marcela fala com Edgar para saber de Paulinho e desiste de jantar com Renato.<\/p>\n<p>Breno tenta se aproximar de Tha\u00edsa. Ariclenes n\u00e3o recorda que se declarou para Marta e ela fica furiosa. O exame de DNA confirma que Armandinho e Magali pertencem \u00e0 fam\u00edlia de Rebeca. Ricardo sai do coma e liga para Clotilde. Gra\u00e7a aparece na ag\u00eancia com Alex e Luisa se espanta. Luisa sente um enjoo e desconfia de que esteja gr\u00e1vida. Jacques e Clotilde aparecem de surpresa no ateli\u00ea de Valentim e flagram Ariclenes vestido do espanhol.<\/p>\n<p>(*) edi\u00e7\u00e3o das novelas da Globo, \u201cTiTiTi\u201d, sujeito a altera\u00e7\u00e3o de data e conte\u00fado.<\/p>\n<p>Sinopse &#8220;TiTiTi&#8221;: Alexandre Borges e Murilo Ben\u00edcio interpretam os rivais da hist\u00f3ria, respectivamente Jacques Leclair e Victor Valentim, que passam a novela inteira se digladiando para ver quem sobressai no mundo na moda como estilista bem-sucedido, com o nome transformado em grife e as cole\u00e7\u00f5es desfiladas nas grandes semanas de moda e fotografadas para as revistas de celebridades.<\/p>\n","protected":false},"excerpt":{"rendered":"<p>Resumo da novela \u201cTiTiTi\u201d em 20\/08: no cap\u00edtulo 105(*) da novela, Jacques provoca uma confus\u00e3o na festa de Jaqueline e \u00e9 contido por Thales. Clotilde sugere que Beatrice M. n\u00e3o d\u00ea destaque a Jaqueline em seu blog e Mabi se irrita. Tha\u00edsa tenta constranger a m\u00e3e na inaugura\u00e7\u00e3o do ateli\u00ea e Eduardo critica sua atitude. [&hellip;]<\/p>\n","protected":false},"author":4,"featured_media":204655,"comment_status":"closed","ping_status":"closed","sticky":false,"template":"","format":"standard","meta":{"tdm_status":"","tdm_grid_status":"","footnotes":""},"categories":[379,2025,343,2193],"tags":[441],"class_list":{"0":"post-209568","1":"post","2":"type-post","3":"status-publish","4":"format-standard","5":"has-post-thumbnail","7":"category-novelas","8":"category-resumo","9":"category-televisao","10":"category-tititi","11":"tag-resumo-do-dia"},"_links":{"self":[{"href":"https:\/\/migracao.redenoticia.com.br\/noticia\/wp-json\/wp\/v2\/posts\/209568","targetHints":{"allow":["GET"]}}],"collection":[{"href":"https:\/\/migracao.redenoticia.com.br\/noticia\/wp-json\/wp\/v2\/posts"}],"about":[{"href":"https:\/\/migracao.redenoticia.com.br\/noticia\/wp-json\/wp\/v2\/types\/post"}],"author":[{"embeddable":true,"href":"https:\/\/migracao.redenoticia.com.br\/noticia\/wp-json\/wp\/v2\/users\/4"}],"replies":[{"embeddable":true,"href":"https:\/\/migracao.redenoticia.com.br\/noticia\/wp-json\/wp\/v2\/comments?post=209568"}],"version-history":[{"count":0,"href":"https:\/\/migracao.redenoticia.com.br\/noticia\/wp-json\/wp\/v2\/posts\/209568\/revisions"}],"wp:featuredmedia":[{"embeddable":true,"href":"https:\/\/migracao.redenoticia.com.br\/noticia\/wp-json\/wp\/v2\/media\/204655"}],"wp:attachment":[{"href":"https:\/\/migracao.redenoticia.com.br\/noticia\/wp-json\/wp\/v2\/media?parent=209568"}],"wp:term":[{"taxonomy":"category","embeddable":true,"href":"https:\/\/migracao.redenoticia.com.br\/noticia\/wp-json\/wp\/v2\/categories?post=209568"},{"taxonomy":"post_tag","embeddable":true,"href":"https:\/\/migracao.redenoticia.com.br\/noticia\/wp-json\/wp\/v2\/tags?post=209568"}],"curies":[{"name":"wp","href":"https:\/\/api.w.org\/{rel}","templated":true}]}}