{"id":2096,"date":"2009-05-28T21:56:45","date_gmt":"2009-05-29T01:56:45","guid":{"rendered":"http:\/\/www.redenoticia.com.br\/noticia\/?p=2096"},"modified":"2009-05-28T21:56:45","modified_gmt":"2009-05-29T01:56:45","slug":"produtores-rurais-ajudam-recuperar-pontilhao-em-ji-parana","status":"publish","type":"post","link":"https:\/\/migracao.redenoticia.com.br\/noticia\/2009\/produtores-rurais-ajudam-recuperar-pontilhao-em-ji-parana\/2096","title":{"rendered":"Produtores Rurais ajudam recuperar pontilh\u00e3o em Ji-Paran\u00e1"},"content":{"rendered":"<p class=\"MsoNormal\"><span style=\"font-size: 11pt; font-family: Arial;\">Ap\u00f3s 10 dias de trabalho Linha Uni\u00e3o, a Secretaria Municipal de Obras e Servi\u00e7os P\u00fablicos de Ji-Paran\u00e1 (SEMOSP) concluiu o servi\u00e7o de recupera\u00e7\u00e3o de pontos cr\u00edticos nas estradas da regi\u00e3o. <\/span><\/p>\n<p class=\"MsoNormal\"><span style=\"font-size: 11pt; font-family: Arial;\">Foram reconstru\u00eddos duas linhas de bueiros e um pontilh\u00e3o com 13,5 metros de comprimento, localizado a 300 metros da Escola P\u00f3lo. O coordenador de Obras da secretaria, Jo\u00e3o Vilas Boas disse que \u201ca comunidade cedeu a madeira de suporte do pontilh\u00e3o e a prefeitura liberou as pranchas\u201d.<\/span><\/p>\n<p class=\"MsoNormal\"><span style=\"font-size: 11pt; font-family: Arial;\">A via estava danificada em virtude do per\u00edodo chuvoso, prejudicando inclusive a passagem dos \u00f4nibus escolares. Para o secret\u00e1rio, Assis Canuto \u201cfoi feito na linha Uni\u00e3o o que est\u00e1 previsto para acontecer em outros setores da zona rural\u201d. A SEMOSP mant\u00e9m equipe pr\u00f3pria em v\u00e1rios setores e muitas vezes a demora \u00e9 provocada pela falta de madeira, no caso da recupera\u00e7\u00e3o de pontes e pontilh\u00f5es. Al\u00e9m do mais, afirmou afirma Canuto, \u201ca equipe \u00e9 pequena para tantos pontos cr\u00edticos que surgiram com o final das \u00e1guas\u201d. <\/span><\/p>\n","protected":false},"excerpt":{"rendered":"<p>Ap\u00f3s 10 dias de trabalho Linha Uni\u00e3o, a Secretaria Municipal de Obras e Servi\u00e7os P\u00fablicos de Ji-Paran\u00e1 (SEMOSP) concluiu o servi\u00e7o de recupera\u00e7\u00e3o de pontos cr\u00edticos nas estradas da regi\u00e3o. Foram reconstru\u00eddos duas linhas de bueiros e um pontilh\u00e3o com 13,5 metros de comprimento, localizado a 300 metros da Escola P\u00f3lo. O coordenador de Obras [&hellip;]<\/p>\n","protected":false},"author":3,"featured_media":0,"comment_status":"open","ping_status":"open","sticky":false,"template":"","format":"standard","meta":{"tdm_status":"","tdm_grid_status":"","footnotes":""},"categories":[22],"tags":[],"class_list":{"0":"post-2096","1":"post","2":"type-post","3":"status-publish","4":"format-standard","6":"category-brasil"},"_links":{"self":[{"href":"https:\/\/migracao.redenoticia.com.br\/noticia\/wp-json\/wp\/v2\/posts\/2096","targetHints":{"allow":["GET"]}}],"collection":[{"href":"https:\/\/migracao.redenoticia.com.br\/noticia\/wp-json\/wp\/v2\/posts"}],"about":[{"href":"https:\/\/migracao.redenoticia.com.br\/noticia\/wp-json\/wp\/v2\/types\/post"}],"author":[{"embeddable":true,"href":"https:\/\/migracao.redenoticia.com.br\/noticia\/wp-json\/wp\/v2\/users\/3"}],"replies":[{"embeddable":true,"href":"https:\/\/migracao.redenoticia.com.br\/noticia\/wp-json\/wp\/v2\/comments?post=2096"}],"version-history":[{"count":0,"href":"https:\/\/migracao.redenoticia.com.br\/noticia\/wp-json\/wp\/v2\/posts\/2096\/revisions"}],"wp:attachment":[{"href":"https:\/\/migracao.redenoticia.com.br\/noticia\/wp-json\/wp\/v2\/media?parent=2096"}],"wp:term":[{"taxonomy":"category","embeddable":true,"href":"https:\/\/migracao.redenoticia.com.br\/noticia\/wp-json\/wp\/v2\/categories?post=2096"},{"taxonomy":"post_tag","embeddable":true,"href":"https:\/\/migracao.redenoticia.com.br\/noticia\/wp-json\/wp\/v2\/tags?post=2096"}],"curies":[{"name":"wp","href":"https:\/\/api.w.org\/{rel}","templated":true}]}}