{"id":209612,"date":"2021-08-20T12:20:33","date_gmt":"2021-08-20T15:20:33","guid":{"rendered":"https:\/\/www.redenoticia.com.br\/noticia\/?p=209612"},"modified":"2021-08-20T12:20:33","modified_gmt":"2021-08-20T15:20:33","slug":"resumo-imperio-21-08-josue-avisa-a-cristina-sobre-a-volta-de-jose-alfredo","status":"publish","type":"post","link":"https:\/\/migracao.redenoticia.com.br\/noticia\/2021\/resumo-imperio-21-08-josue-avisa-a-cristina-sobre-a-volta-de-jose-alfredo\/209612","title":{"rendered":"Resumo \u201cImp\u00e9rio\u201d 21\/08: Josu\u00e9 avisa a Cristina sobre a volta de Jos\u00e9 Alfredo"},"content":{"rendered":"<p><img loading=\"lazy\" decoding=\"async\" class=\"aligncenter size-full wp-image-205063\" src=\"https:\/\/migracao.redenoticia.com.br\/noticia\/imagens\/novela-imperio-resumo-elenco.jpeg\" alt=\"\" width=\"1280\" height=\"720\" srcset=\"https:\/\/migracao.redenoticia.com.br\/noticia\/imagens\/novela-imperio-resumo-elenco.jpeg 1280w, https:\/\/migracao.redenoticia.com.br\/noticia\/imagens\/novela-imperio-resumo-elenco-250x140.jpeg 250w, https:\/\/migracao.redenoticia.com.br\/noticia\/imagens\/novela-imperio-resumo-elenco-400x225.jpeg 400w, https:\/\/migracao.redenoticia.com.br\/noticia\/imagens\/novela-imperio-resumo-elenco-768x432.jpeg 768w, https:\/\/migracao.redenoticia.com.br\/noticia\/imagens\/novela-imperio-resumo-elenco-150x85.jpeg 150w\" sizes=\"auto, (max-width: 1280px) 100vw, 1280px\" \/><\/p>\n<p><em><strong>Resumo novela \u201cImp\u00e9rio\u201d<\/strong><\/em> em 21\/08: no cap\u00edtulo 114(*) da novela, Beatriz sente falta de Enrico. Cl\u00e1udio liga para Leonardo. Du \u00e9 levada para a maternidade e Jo\u00e3o Lucas tenta acalm\u00e1-la. Arnold\u00e3o confessa a Xana que quer ficar com Juliane. Josu\u00e9 avisa a Antoninho e Manoel que Jos\u00e9 Alfredo est\u00e1 voltando. Antoninho consola Jurema. Cora tenta disfar\u00e7ar quando seus sobrinhos perguntam por Jairo. Orville sugere que Salvador pinte quadros para Helena.<\/p>\n<p>O m\u00e9dico avisa a Maria Marta e Jo\u00e3o Lucas que Du e os beb\u00eas correm risco de morte. Bruna se revolta com Danielle por se aproximar de Maur\u00edlio. Amanda passa a noite de Natal sozinha. Enrico liga para Maria Clara. Cristina vai \u00e0 casa de Xana. Elivaldo e Tuane ficam juntos. Robert\u00e3o \u00e9 assediado por f\u00e3s. Josu\u00e9 avisa a Cristina sobre a volta de Jos\u00e9 Alfredo. Maria Marta tenta acalmar Jo\u00e3o Lucas. Du pede que seus beb\u00eas sejam salvos. Josu\u00e9 reencontra Jos\u00e9 Alfredo.<\/p>\n<p>(*) edi\u00e7\u00e3o das novelas da Globo, \u201cImp\u00e9rio\u201d, sujeito a altera\u00e7\u00e3o de data e conte\u00fado.<\/p>\n<p>Sinopse Novela &#8220;Imp\u00e9rio&#8221;: hist\u00f3ria do pernambucano Jos\u00e9 Alfredo de Medeiros (Chay Suede\/Alexandre Nero), o homem de preto. Dono de uma rede de joalherias, o Comendador tem tr\u00eas filhos com a aristocrata falida Maria Marta Mendon\u00e7a e Albuquerque (Adriana Birolli\/Lilia Cabral): Jos\u00e9 Pedro (Caio Blat), Maria Clara (Andreia Horta) e Jo\u00e3o Lucas (Daniel Rocha). Os tr\u00eas disputam a heran\u00e7a da empresa constru\u00edda pelo pai.<\/p>\n","protected":false},"excerpt":{"rendered":"<p>Resumo novela \u201cImp\u00e9rio\u201d em 21\/08: no cap\u00edtulo 114(*) da novela, Beatriz sente falta de Enrico. Cl\u00e1udio liga para Leonardo. Du \u00e9 levada para a maternidade e Jo\u00e3o Lucas tenta acalm\u00e1-la. Arnold\u00e3o confessa a Xana que quer ficar com Juliane. Josu\u00e9 avisa a Antoninho e Manoel que Jos\u00e9 Alfredo est\u00e1 voltando. Antoninho consola Jurema. Cora tenta [&hellip;]<\/p>\n","protected":false},"author":4,"featured_media":205061,"comment_status":"closed","ping_status":"closed","sticky":false,"template":"","format":"standard","meta":{"tdm_status":"","tdm_grid_status":"","footnotes":""},"categories":[2196,379,375,2025,343],"tags":[441],"class_list":{"0":"post-209612","1":"post","2":"type-post","3":"status-publish","4":"format-standard","5":"has-post-thumbnail","7":"category-imperio","8":"category-novelas","9":"category-rede-globo","10":"category-resumo","11":"category-televisao","12":"tag-resumo-do-dia"},"_links":{"self":[{"href":"https:\/\/migracao.redenoticia.com.br\/noticia\/wp-json\/wp\/v2\/posts\/209612","targetHints":{"allow":["GET"]}}],"collection":[{"href":"https:\/\/migracao.redenoticia.com.br\/noticia\/wp-json\/wp\/v2\/posts"}],"about":[{"href":"https:\/\/migracao.redenoticia.com.br\/noticia\/wp-json\/wp\/v2\/types\/post"}],"author":[{"embeddable":true,"href":"https:\/\/migracao.redenoticia.com.br\/noticia\/wp-json\/wp\/v2\/users\/4"}],"replies":[{"embeddable":true,"href":"https:\/\/migracao.redenoticia.com.br\/noticia\/wp-json\/wp\/v2\/comments?post=209612"}],"version-history":[{"count":0,"href":"https:\/\/migracao.redenoticia.com.br\/noticia\/wp-json\/wp\/v2\/posts\/209612\/revisions"}],"wp:featuredmedia":[{"embeddable":true,"href":"https:\/\/migracao.redenoticia.com.br\/noticia\/wp-json\/wp\/v2\/media\/205061"}],"wp:attachment":[{"href":"https:\/\/migracao.redenoticia.com.br\/noticia\/wp-json\/wp\/v2\/media?parent=209612"}],"wp:term":[{"taxonomy":"category","embeddable":true,"href":"https:\/\/migracao.redenoticia.com.br\/noticia\/wp-json\/wp\/v2\/categories?post=209612"},{"taxonomy":"post_tag","embeddable":true,"href":"https:\/\/migracao.redenoticia.com.br\/noticia\/wp-json\/wp\/v2\/tags?post=209612"}],"curies":[{"name":"wp","href":"https:\/\/api.w.org\/{rel}","templated":true}]}}