{"id":209660,"date":"2021-08-22T18:06:15","date_gmt":"2021-08-22T21:06:15","guid":{"rendered":"https:\/\/www.redenoticia.com.br\/noticia\/?p=209660"},"modified":"2021-08-22T18:06:15","modified_gmt":"2021-08-22T21:06:15","slug":"resumo-imperio-23-08-maria-marta-ve-cora-com-o-anel-de-jose-alfredo","status":"publish","type":"post","link":"https:\/\/migracao.redenoticia.com.br\/noticia\/2021\/resumo-imperio-23-08-maria-marta-ve-cora-com-o-anel-de-jose-alfredo\/209660","title":{"rendered":"Resumo \u201cImp\u00e9rio\u201d 23\/08: Maria Marta v\u00ea Cora com o anel de Jos\u00e9 Alfredo"},"content":{"rendered":"<p> <img loading=\"lazy\" decoding=\"async\" class=\"aligncenter size-full wp-image-205063\" src=\"https:\/\/migracao.redenoticia.com.br\/noticia\/imagens\/novela-imperio-resumo-elenco.jpeg\" alt=\"\" width=\"1280\" height=\"720\" srcset=\"https:\/\/migracao.redenoticia.com.br\/noticia\/imagens\/novela-imperio-resumo-elenco.jpeg 1280w, https:\/\/migracao.redenoticia.com.br\/noticia\/imagens\/novela-imperio-resumo-elenco-250x140.jpeg 250w, https:\/\/migracao.redenoticia.com.br\/noticia\/imagens\/novela-imperio-resumo-elenco-400x225.jpeg 400w, https:\/\/migracao.redenoticia.com.br\/noticia\/imagens\/novela-imperio-resumo-elenco-768x432.jpeg 768w, https:\/\/migracao.redenoticia.com.br\/noticia\/imagens\/novela-imperio-resumo-elenco-150x85.jpeg 150w\" sizes=\"auto, (max-width: 1280px) 100vw, 1280px\" \/><\/p>\n<p><em><strong>Resumo novela \u201cImp\u00e9rio\u201d<\/strong><\/em> em 23\/08: no cap\u00edtulo 115(*) da novela, Cora usa o anel de Jos\u00e9 Alfredo. Maria \u00cdsis conversa com Maria Marta. Antoninho elogia os desenhos de Orville. Jos\u00e9 Alfredo l\u00ea uma not\u00edcia sobre Jos\u00e9 Pedro e fica indignado. Bruna ouve Danielle conversando com Maur\u00edlio. Maria Clara repreende Jos\u00e9 Pedro por querer vender seu diamante cor-de-rosa. Vicente consola Maria \u00cdsis.<\/p>\n<p>Maria Marta questiona Merival sobre a exuma\u00e7\u00e3o do corpo de Jos\u00e9 Alfredo. Cora decide ir ao cemit\u00e9rio. Maria Marta visita o suposto t\u00famulo do marido. T\u00e9o aconselha \u00c9rika a aceitar se casar com Robert\u00e3o. Felipe cobra de Enrico sua promessa de um cargo no restaurante. Bianca sugere que Leonardo interprete Jos\u00e9 Alfredo, mais novo, no desfile da Unidos de Vila Isabel. Maria Marta v\u00ea Cora com o anel de Jos\u00e9 Alfredo.<\/p>\n<p>(*) edi\u00e7\u00e3o das novelas da Globo, \u201cImp\u00e9rio\u201d, sujeito a altera\u00e7\u00e3o de data e conte\u00fado.<\/p>\n<p>Sinopse Novela &#8220;Imp\u00e9rio&#8221;: hist\u00f3ria do pernambucano Jos\u00e9 Alfredo de Medeiros (Chay Suede\/Alexandre Nero), o homem de preto. Dono de uma rede de joalherias, o Comendador tem tr\u00eas filhos com a aristocrata falida Maria Marta Mendon\u00e7a e Albuquerque (Adriana Birolli\/Lilia Cabral): Jos\u00e9 Pedro (Caio Blat), Maria Clara (Andreia Horta) e Jo\u00e3o Lucas (Daniel Rocha). Os tr\u00eas disputam a heran\u00e7a da empresa constru\u00edda pelo pai. <\/p>\n","protected":false},"excerpt":{"rendered":"<p>Resumo novela \u201cImp\u00e9rio\u201d em 23\/08: no cap\u00edtulo 115(*) da novela, Cora usa o anel de Jos\u00e9 Alfredo. Maria \u00cdsis conversa com Maria Marta. Antoninho elogia os desenhos de Orville. Jos\u00e9 Alfredo l\u00ea uma not\u00edcia sobre Jos\u00e9 Pedro e fica indignado. Bruna ouve Danielle conversando com Maur\u00edlio. Maria Clara repreende Jos\u00e9 Pedro por querer vender seu [&hellip;]<\/p>\n","protected":false},"author":2,"featured_media":205061,"comment_status":"closed","ping_status":"closed","sticky":false,"template":"","format":"standard","meta":{"tdm_status":"","tdm_grid_status":"","footnotes":""},"categories":[2196,379,375,2025,343],"tags":[441],"class_list":{"0":"post-209660","1":"post","2":"type-post","3":"status-publish","4":"format-standard","5":"has-post-thumbnail","7":"category-imperio","8":"category-novelas","9":"category-rede-globo","10":"category-resumo","11":"category-televisao","12":"tag-resumo-do-dia"},"_links":{"self":[{"href":"https:\/\/migracao.redenoticia.com.br\/noticia\/wp-json\/wp\/v2\/posts\/209660","targetHints":{"allow":["GET"]}}],"collection":[{"href":"https:\/\/migracao.redenoticia.com.br\/noticia\/wp-json\/wp\/v2\/posts"}],"about":[{"href":"https:\/\/migracao.redenoticia.com.br\/noticia\/wp-json\/wp\/v2\/types\/post"}],"author":[{"embeddable":true,"href":"https:\/\/migracao.redenoticia.com.br\/noticia\/wp-json\/wp\/v2\/users\/2"}],"replies":[{"embeddable":true,"href":"https:\/\/migracao.redenoticia.com.br\/noticia\/wp-json\/wp\/v2\/comments?post=209660"}],"version-history":[{"count":0,"href":"https:\/\/migracao.redenoticia.com.br\/noticia\/wp-json\/wp\/v2\/posts\/209660\/revisions"}],"wp:featuredmedia":[{"embeddable":true,"href":"https:\/\/migracao.redenoticia.com.br\/noticia\/wp-json\/wp\/v2\/media\/205061"}],"wp:attachment":[{"href":"https:\/\/migracao.redenoticia.com.br\/noticia\/wp-json\/wp\/v2\/media?parent=209660"}],"wp:term":[{"taxonomy":"category","embeddable":true,"href":"https:\/\/migracao.redenoticia.com.br\/noticia\/wp-json\/wp\/v2\/categories?post=209660"},{"taxonomy":"post_tag","embeddable":true,"href":"https:\/\/migracao.redenoticia.com.br\/noticia\/wp-json\/wp\/v2\/tags?post=209660"}],"curies":[{"name":"wp","href":"https:\/\/api.w.org\/{rel}","templated":true}]}}