{"id":209682,"date":"2021-08-23T17:08:52","date_gmt":"2021-08-23T20:08:52","guid":{"rendered":"https:\/\/www.redenoticia.com.br\/noticia\/?p=209682"},"modified":"2021-08-23T17:08:52","modified_gmt":"2021-08-23T20:08:52","slug":"resumo-imperio-24-08-maria-isis-desmaia-ao-ver-jose-alfredo","status":"publish","type":"post","link":"https:\/\/migracao.redenoticia.com.br\/noticia\/2021\/resumo-imperio-24-08-maria-isis-desmaia-ao-ver-jose-alfredo\/209682","title":{"rendered":"Resumo \u201cImp\u00e9rio\u201d 24\/08: Maria \u00cdsis desmaia ao ver Jos\u00e9 Alfredo"},"content":{"rendered":"<p><img loading=\"lazy\" decoding=\"async\" class=\"aligncenter size-full wp-image-205063\" src=\"https:\/\/migracao.redenoticia.com.br\/noticia\/imagens\/novela-imperio-resumo-elenco.jpeg\" alt=\"\" width=\"1280\" height=\"720\" srcset=\"https:\/\/migracao.redenoticia.com.br\/noticia\/imagens\/novela-imperio-resumo-elenco.jpeg 1280w, https:\/\/migracao.redenoticia.com.br\/noticia\/imagens\/novela-imperio-resumo-elenco-250x140.jpeg 250w, https:\/\/migracao.redenoticia.com.br\/noticia\/imagens\/novela-imperio-resumo-elenco-400x225.jpeg 400w, https:\/\/migracao.redenoticia.com.br\/noticia\/imagens\/novela-imperio-resumo-elenco-768x432.jpeg 768w, https:\/\/migracao.redenoticia.com.br\/noticia\/imagens\/novela-imperio-resumo-elenco-150x85.jpeg 150w\" sizes=\"auto, (max-width: 1280px) 100vw, 1280px\" \/><\/p>\n<p><em><strong>Resumo novela \u201cImp\u00e9rio\u201d<\/strong><\/em> em 24\/08: no cap\u00edtulo 116(*) da novela, Maria Marta discute com Cora e reconhece o anel de Jos\u00e9 Alfredo. Du amamenta seus filhos g\u00eameos. Jos\u00e9 Alfredo exige que Josu\u00e9 o leve para ver Maria \u00cdsis. X\u00eania pede para Pietro indic\u00e1-la para ocupar o lugar de destaque na escola de samba. Maria Marta comenta com Maria \u00cdsis que acredita que Jos\u00e9 Alfredo esteja vivo. Tuane e Elivaldo namoram. Maria Marta avisa que quer exumar o corpo do ex-marido e Cristina se recusa a aceitar.<\/p>\n<p>Maria Marta deduz que Cristina sabe que Jos\u00e9 Alfredo est\u00e1 vivo e pede para falar com ele. Maria Clara marca um jantar com Vicente. Cora briga com Sirlene. Cristina pensa em Vicente. Leonardo faz um teste na escola de samba para poder interpretar Jos\u00e9 Alfredo no carnaval. Jos\u00e9 Alfredo v\u00ea Maria Marta chegar com Maur\u00edlio ao restaurante de Vicente e se esconde. Maria \u00cdsis desmaia ao ver Jos\u00e9 Alfredo e Maria Clara observa a cena.<\/p>\n<p>(*) edi\u00e7\u00e3o das novelas da Globo, \u201cImp\u00e9rio\u201d, sujeito a altera\u00e7\u00e3o de data e conte\u00fado.<\/p>\n<p>Sinopse Novela &#8220;Imp\u00e9rio&#8221;: hist\u00f3ria do pernambucano Jos\u00e9 Alfredo de Medeiros (Chay Suede\/Alexandre Nero), o homem de preto. Dono de uma rede de joalherias, o Comendador tem tr\u00eas filhos com a aristocrata falida Maria Marta Mendon\u00e7a e Albuquerque (Adriana Birolli\/Lilia Cabral): Jos\u00e9 Pedro (Caio Blat), Maria Clara (Andreia Horta) e Jo\u00e3o Lucas (Daniel Rocha). Os tr\u00eas disputam a heran\u00e7a da empresa constru\u00edda pelo pai. <\/p>\n","protected":false},"excerpt":{"rendered":"<p>Resumo novela \u201cImp\u00e9rio\u201d em 24\/08: no cap\u00edtulo 116(*) da novela, Maria Marta discute com Cora e reconhece o anel de Jos\u00e9 Alfredo. Du amamenta seus filhos g\u00eameos. Jos\u00e9 Alfredo exige que Josu\u00e9 o leve para ver Maria \u00cdsis. X\u00eania pede para Pietro indic\u00e1-la para ocupar o lugar de destaque na escola de samba. Maria Marta [&hellip;]<\/p>\n","protected":false},"author":2,"featured_media":205061,"comment_status":"closed","ping_status":"closed","sticky":false,"template":"","format":"standard","meta":{"tdm_status":"","tdm_grid_status":"","footnotes":""},"categories":[2196,379,375,2025,343],"tags":[441],"class_list":{"0":"post-209682","1":"post","2":"type-post","3":"status-publish","4":"format-standard","5":"has-post-thumbnail","7":"category-imperio","8":"category-novelas","9":"category-rede-globo","10":"category-resumo","11":"category-televisao","12":"tag-resumo-do-dia"},"_links":{"self":[{"href":"https:\/\/migracao.redenoticia.com.br\/noticia\/wp-json\/wp\/v2\/posts\/209682","targetHints":{"allow":["GET"]}}],"collection":[{"href":"https:\/\/migracao.redenoticia.com.br\/noticia\/wp-json\/wp\/v2\/posts"}],"about":[{"href":"https:\/\/migracao.redenoticia.com.br\/noticia\/wp-json\/wp\/v2\/types\/post"}],"author":[{"embeddable":true,"href":"https:\/\/migracao.redenoticia.com.br\/noticia\/wp-json\/wp\/v2\/users\/2"}],"replies":[{"embeddable":true,"href":"https:\/\/migracao.redenoticia.com.br\/noticia\/wp-json\/wp\/v2\/comments?post=209682"}],"version-history":[{"count":0,"href":"https:\/\/migracao.redenoticia.com.br\/noticia\/wp-json\/wp\/v2\/posts\/209682\/revisions"}],"wp:featuredmedia":[{"embeddable":true,"href":"https:\/\/migracao.redenoticia.com.br\/noticia\/wp-json\/wp\/v2\/media\/205061"}],"wp:attachment":[{"href":"https:\/\/migracao.redenoticia.com.br\/noticia\/wp-json\/wp\/v2\/media?parent=209682"}],"wp:term":[{"taxonomy":"category","embeddable":true,"href":"https:\/\/migracao.redenoticia.com.br\/noticia\/wp-json\/wp\/v2\/categories?post=209682"},{"taxonomy":"post_tag","embeddable":true,"href":"https:\/\/migracao.redenoticia.com.br\/noticia\/wp-json\/wp\/v2\/tags?post=209682"}],"curies":[{"name":"wp","href":"https:\/\/api.w.org\/{rel}","templated":true}]}}