{"id":209683,"date":"2021-08-23T17:05:46","date_gmt":"2021-08-23T20:05:46","guid":{"rendered":"https:\/\/www.redenoticia.com.br\/noticia\/?p=209683"},"modified":"2021-08-23T17:05:46","modified_gmt":"2021-08-23T20:05:46","slug":"resumo-coracao-indomavel-24-08-miguel-descobre-que-maricruz-pagou-a-cirurgia","status":"publish","type":"post","link":"https:\/\/migracao.redenoticia.com.br\/noticia\/2021\/resumo-coracao-indomavel-24-08-miguel-descobre-que-maricruz-pagou-a-cirurgia\/209683","title":{"rendered":"Resumo &#8220;Cora\u00e7\u00e3o Indom\u00e1vel&#8221; 24\/08: Miguel descobre que Maricruz pagou a cirurgia"},"content":{"rendered":"<p><img loading=\"lazy\" decoding=\"async\" class=\"aligncenter size-full wp-image-206134\" src=\"https:\/\/migracao.redenoticia.com.br\/noticia\/imagens\/coracao-indomavel-resumo-novela-elenco.jpeg\" alt=\"\" width=\"1280\" height=\"720\" srcset=\"https:\/\/migracao.redenoticia.com.br\/noticia\/imagens\/coracao-indomavel-resumo-novela-elenco.jpeg 1280w, https:\/\/migracao.redenoticia.com.br\/noticia\/imagens\/coracao-indomavel-resumo-novela-elenco-250x140.jpeg 250w, https:\/\/migracao.redenoticia.com.br\/noticia\/imagens\/coracao-indomavel-resumo-novela-elenco-400x225.jpeg 400w, https:\/\/migracao.redenoticia.com.br\/noticia\/imagens\/coracao-indomavel-resumo-novela-elenco-768x432.jpeg 768w, https:\/\/migracao.redenoticia.com.br\/noticia\/imagens\/coracao-indomavel-resumo-novela-elenco-150x85.jpeg 150w\" sizes=\"auto, (max-width: 1280px) 100vw, 1280px\" \/><\/p>\n<p><strong><em>Resumo da novela &#8220;Cora\u00e7\u00e3o Indom\u00e1vel&#8221;<\/em><\/strong> em 24\/08: no cap\u00edtulo 066(*) da novela, Miguel esconde de Lucia o real motivo pelo qual Maricruz o chamou a seu escrit\u00f3rio. Ot\u00e1vio adverte Maricruz que chegar\u00e3o at\u00e9 os tribunais por sua dupla identidade, ela responde que se vingar\u00e1 de todos os Narv\u00e1ez por todo mal que a fizeram. No realengo, Clorinda se apresenta a Esther. Maricruz diz a Ot\u00e1vio que \u00e9 a amante do Governador, eles discutem, e ele amea\u00e7a tirar dela sua filha, assim que seja poss\u00edvel. Maricruz diz que antes disso \u00e9 capaz de mat\u00e1-lo. Miguel diz a Raiza que Maria Alessandra o odeia. Raiza diz que ela deve ter suas raz\u00f5es para faz\u00ea-lo.<\/p>\n<p>Miguel pergunta o que ela sabe a respeito. Clorinda diz a Esther que acredita que ela s\u00f3 chegou ao realengo pelos rumores que andam por ali e por aqui que existe ouro e prata naquele lugar. Raiza confessa a Miguel que Maria Alessandra e n\u00e3o ela, foi quem emprestou o dinheiro para a opera\u00e7\u00e3o de Miguelzinho. Eduardo pede a Ot\u00e1vio que ele seja seu padrinho de casamento, e ele aceita. Eduardo e Aracely pensam em n\u00e3o contar a Ot\u00e1vio que Maria Alessandra ser\u00e1 a madrinha, e isso at\u00e9 o dia do casamento. Miguel diz a Ot\u00e1vio quem na verdade custeou a opera\u00e7\u00e3o de Miguelzinho.<\/p>\n<p>Ot\u00e1vio diz a Miguel que n\u00e3o existe outra op\u00e7\u00e3o sen\u00e3o a que Lucia v\u00e1 ver pessoalmente Maria Alessandra. Maria Alessandra diz a Eduardo que n\u00e3o a incomoda o fato do padrinho de casamento ser Ot\u00e1vio. Doris diz a Mariana que n\u00e3o quer que o Governador v\u00e1 ao casamento de Eduardo e Aracely. Maria Alessandra presenteia Aracely com um cheque para o pagamento de sua lua de mel. Maricruz diz a Lucia que se n\u00e3o pagar as notas promiss\u00f3rias assinadas por Miguel, no prazo de uma semana, o mandar\u00e1 para a cadeia. Doris diz a Mariana que dar\u00e1 de presente aos noivos um cheque. O governador pede a Ramirez, para mandar um cheque aos noivos.<\/p>\n<p>(*) edi\u00e7\u00e3o das novelas do SBT, &#8220;Cora\u00e7\u00e3o Indom\u00e1vel&#8221;, sujeito a altera\u00e7\u00e3o de data e conte\u00fado.<\/p>\n<p>Sinopse &#8220;Cora\u00e7\u00e3o Indom\u00e1vel&#8221;: A novela conta a hist\u00f3ria da pobre Maricruz que, ap\u00f3s ter sido abandonada pelo marido, decide se vingar daqueles que a humilharam. Ela descobre ser filha de um homem rico, tornando-se uma mulher da alta sociedade.<\/p>\n","protected":false},"excerpt":{"rendered":"<p>Resumo da novela &#8220;Cora\u00e7\u00e3o Indom\u00e1vel&#8221; em 24\/08: no cap\u00edtulo 066(*) da novela, Miguel esconde de Lucia o real motivo pelo qual Maricruz o chamou a seu escrit\u00f3rio. Ot\u00e1vio adverte Maricruz que chegar\u00e3o at\u00e9 os tribunais por sua dupla identidade, ela responde que se vingar\u00e1 de todos os Narv\u00e1ez por todo mal que a fizeram. No [&hellip;]<\/p>\n","protected":false},"author":2,"featured_media":206133,"comment_status":"closed","ping_status":"closed","sticky":false,"template":"","format":"standard","meta":{"tdm_status":"","tdm_grid_status":"","footnotes":""},"categories":[2200,379,2025,372,343],"tags":[441],"class_list":{"0":"post-209683","1":"post","2":"type-post","3":"status-publish","4":"format-standard","5":"has-post-thumbnail","7":"category-coracao-indomavel","8":"category-novelas","9":"category-resumo","10":"category-sbt","11":"category-televisao","12":"tag-resumo-do-dia"},"_links":{"self":[{"href":"https:\/\/migracao.redenoticia.com.br\/noticia\/wp-json\/wp\/v2\/posts\/209683","targetHints":{"allow":["GET"]}}],"collection":[{"href":"https:\/\/migracao.redenoticia.com.br\/noticia\/wp-json\/wp\/v2\/posts"}],"about":[{"href":"https:\/\/migracao.redenoticia.com.br\/noticia\/wp-json\/wp\/v2\/types\/post"}],"author":[{"embeddable":true,"href":"https:\/\/migracao.redenoticia.com.br\/noticia\/wp-json\/wp\/v2\/users\/2"}],"replies":[{"embeddable":true,"href":"https:\/\/migracao.redenoticia.com.br\/noticia\/wp-json\/wp\/v2\/comments?post=209683"}],"version-history":[{"count":0,"href":"https:\/\/migracao.redenoticia.com.br\/noticia\/wp-json\/wp\/v2\/posts\/209683\/revisions"}],"wp:featuredmedia":[{"embeddable":true,"href":"https:\/\/migracao.redenoticia.com.br\/noticia\/wp-json\/wp\/v2\/media\/206133"}],"wp:attachment":[{"href":"https:\/\/migracao.redenoticia.com.br\/noticia\/wp-json\/wp\/v2\/media?parent=209683"}],"wp:term":[{"taxonomy":"category","embeddable":true,"href":"https:\/\/migracao.redenoticia.com.br\/noticia\/wp-json\/wp\/v2\/categories?post=209683"},{"taxonomy":"post_tag","embeddable":true,"href":"https:\/\/migracao.redenoticia.com.br\/noticia\/wp-json\/wp\/v2\/tags?post=209683"}],"curies":[{"name":"wp","href":"https:\/\/api.w.org\/{rel}","templated":true}]}}