{"id":209708,"date":"2021-08-24T15:44:01","date_gmt":"2021-08-24T18:44:01","guid":{"rendered":"https:\/\/www.redenoticia.com.br\/noticia\/?p=209708"},"modified":"2021-08-24T15:44:01","modified_gmt":"2021-08-24T18:44:01","slug":"resumo-coracao-indomavel-25-08-maricruz-manda-lucia-tirar-da-poca-de-lama-as-notas-promissorias","status":"publish","type":"post","link":"https:\/\/migracao.redenoticia.com.br\/noticia\/2021\/resumo-coracao-indomavel-25-08-maricruz-manda-lucia-tirar-da-poca-de-lama-as-notas-promissorias\/209708","title":{"rendered":"Resumo &#8220;Cora\u00e7\u00e3o Indom\u00e1vel&#8221; 25\/08: Maricruz manda Lucia tirar da po\u00e7a de lama as notas promiss\u00f3rias"},"content":{"rendered":"<p><img loading=\"lazy\" decoding=\"async\" class=\"aligncenter size-full wp-image-206134\" src=\"https:\/\/migracao.redenoticia.com.br\/noticia\/imagens\/coracao-indomavel-resumo-novela-elenco.jpeg\" alt=\"\" width=\"1280\" height=\"720\" srcset=\"https:\/\/migracao.redenoticia.com.br\/noticia\/imagens\/coracao-indomavel-resumo-novela-elenco.jpeg 1280w, https:\/\/migracao.redenoticia.com.br\/noticia\/imagens\/coracao-indomavel-resumo-novela-elenco-250x140.jpeg 250w, https:\/\/migracao.redenoticia.com.br\/noticia\/imagens\/coracao-indomavel-resumo-novela-elenco-400x225.jpeg 400w, https:\/\/migracao.redenoticia.com.br\/noticia\/imagens\/coracao-indomavel-resumo-novela-elenco-768x432.jpeg 768w, https:\/\/migracao.redenoticia.com.br\/noticia\/imagens\/coracao-indomavel-resumo-novela-elenco-150x85.jpeg 150w\" sizes=\"auto, (max-width: 1280px) 100vw, 1280px\" \/><\/p>\n<p><strong><em>Resumo da novela &#8220;Cora\u00e7\u00e3o Indom\u00e1vel&#8221;<\/em><\/strong> em 25\/08: no cap\u00edtulo 067(*) da novela, Maricruz diz a Lucia que negociar\u00e1 um prazo de um ano para que Miguel v\u00e1 pagando todo o dinheiro que a deve, em troca de que Lucia fa\u00e7a o que ela quer. Clorinda aconselha Esther a n\u00e3o fazer muitos esfor\u00e7os, pois isso pode ser um risco para sua gravidez. Maricruz chama Lucia para fora do cassino e a pede que leve junto Miguel e Ot\u00e1vio. Aracely recebe o cheque de Doris, com uma modesta quantidade de d\u00f3lares. Sonia acompanhada de Aracely, comenta o qu\u00e3o \u201cp\u00e3o duro\u201d \u00e9 Doris.<\/p>\n<p>Clorinda ajuda Esther a preparar a comida. Maria Alessandra diz a Joaninha, ter se comprometido em ir ao casamento acompanhada do governador, e que isso causar\u00e1 surpresa em muita gente. Lucia diz a Miguel que est\u00e1 disposta a aceitar qualquer condi\u00e7\u00e3o que Maricruz coloque para que ela conceda o prazo de pagamento da d\u00edvida, s\u00f3 n\u00e3o aceitar\u00e1 que seu marido acabe na pris\u00e3o. Maricruz pede a Marco que prepare no jardim, entre os roseirais, uma po\u00e7a de lama.<\/p>\n<p>Maria Alessandra fala anonimamente com Doris, e lhe convida a presenciar um acontecimento entre os roseirais. Maria Alessandra pede a Tony que d\u00ea uma hora livre a todos os empregados do cassino. Em sua cabana, Esther sofre com fortes dores em seu ventre e acaba desfalecendo. Clorinda corre para ajud\u00e1-la. Maria Alessandra ordena a Marco, que afunde algumas notas promiss\u00f3rias na lama.<\/p>\n<p>Na hora da reuni\u00e3o marcada por Maricruz, Miguel, Ot\u00e1vio, Doris e mais dois empregados do cassino escutam Maricruz mandar que Lucia tire da po\u00e7a de lama as notas promiss\u00f3rias, uma a uma, e que o fa\u00e7a com os dentes. Miguel se oferece para tirar as notas, mas Maricruz n\u00e3o o permite. Jos\u00e9 Ant\u00f4nio sente que Esther est\u00e1 precisando dele e fica inquieto.<\/p>\n<p>(*) edi\u00e7\u00e3o das novelas do SBT, &#8220;Cora\u00e7\u00e3o Indom\u00e1vel&#8221;, sujeito a altera\u00e7\u00e3o de data e conte\u00fado.<\/p>\n<p>Sinopse &#8220;Cora\u00e7\u00e3o Indom\u00e1vel&#8221;: A novela conta a hist\u00f3ria da pobre Maricruz que, ap\u00f3s ter sido abandonada pelo marido, decide se vingar daqueles que a humilharam. Ela descobre ser filha de um homem rico, tornando-se uma mulher da alta sociedade.<\/p>\n","protected":false},"excerpt":{"rendered":"<p>Resumo da novela &#8220;Cora\u00e7\u00e3o Indom\u00e1vel&#8221; em 25\/08: no cap\u00edtulo 067(*) da novela, Maricruz diz a Lucia que negociar\u00e1 um prazo de um ano para que Miguel v\u00e1 pagando todo o dinheiro que a deve, em troca de que Lucia fa\u00e7a o que ela quer. Clorinda aconselha Esther a n\u00e3o fazer muitos esfor\u00e7os, pois isso pode [&hellip;]<\/p>\n","protected":false},"author":4,"featured_media":206133,"comment_status":"closed","ping_status":"closed","sticky":false,"template":"","format":"standard","meta":{"tdm_status":"","tdm_grid_status":"","footnotes":""},"categories":[2200,379,2025,372,343],"tags":[441],"class_list":{"0":"post-209708","1":"post","2":"type-post","3":"status-publish","4":"format-standard","5":"has-post-thumbnail","7":"category-coracao-indomavel","8":"category-novelas","9":"category-resumo","10":"category-sbt","11":"category-televisao","12":"tag-resumo-do-dia"},"_links":{"self":[{"href":"https:\/\/migracao.redenoticia.com.br\/noticia\/wp-json\/wp\/v2\/posts\/209708","targetHints":{"allow":["GET"]}}],"collection":[{"href":"https:\/\/migracao.redenoticia.com.br\/noticia\/wp-json\/wp\/v2\/posts"}],"about":[{"href":"https:\/\/migracao.redenoticia.com.br\/noticia\/wp-json\/wp\/v2\/types\/post"}],"author":[{"embeddable":true,"href":"https:\/\/migracao.redenoticia.com.br\/noticia\/wp-json\/wp\/v2\/users\/4"}],"replies":[{"embeddable":true,"href":"https:\/\/migracao.redenoticia.com.br\/noticia\/wp-json\/wp\/v2\/comments?post=209708"}],"version-history":[{"count":0,"href":"https:\/\/migracao.redenoticia.com.br\/noticia\/wp-json\/wp\/v2\/posts\/209708\/revisions"}],"wp:featuredmedia":[{"embeddable":true,"href":"https:\/\/migracao.redenoticia.com.br\/noticia\/wp-json\/wp\/v2\/media\/206133"}],"wp:attachment":[{"href":"https:\/\/migracao.redenoticia.com.br\/noticia\/wp-json\/wp\/v2\/media?parent=209708"}],"wp:term":[{"taxonomy":"category","embeddable":true,"href":"https:\/\/migracao.redenoticia.com.br\/noticia\/wp-json\/wp\/v2\/categories?post=209708"},{"taxonomy":"post_tag","embeddable":true,"href":"https:\/\/migracao.redenoticia.com.br\/noticia\/wp-json\/wp\/v2\/tags?post=209708"}],"curies":[{"name":"wp","href":"https:\/\/api.w.org\/{rel}","templated":true}]}}