{"id":209758,"date":"2021-08-25T18:48:45","date_gmt":"2021-08-25T21:48:45","guid":{"rendered":"https:\/\/www.redenoticia.com.br\/noticia\/?p=209758"},"modified":"2021-08-25T18:48:45","modified_gmt":"2021-08-25T21:48:45","slug":"resumo-imperio-26-08-josue-encontra-caixa-de-segredos-de-cora","status":"publish","type":"post","link":"https:\/\/migracao.redenoticia.com.br\/noticia\/2021\/resumo-imperio-26-08-josue-encontra-caixa-de-segredos-de-cora\/209758","title":{"rendered":"Resumo \u201cImp\u00e9rio\u201d 26\/08: Josu\u00e9 encontra caixa de segredos de Cora"},"content":{"rendered":"<p> <img loading=\"lazy\" decoding=\"async\" class=\"aligncenter size-full wp-image-205063\" src=\"https:\/\/migracao.redenoticia.com.br\/noticia\/imagens\/novela-imperio-resumo-elenco.jpeg\" alt=\"\" width=\"1280\" height=\"720\" srcset=\"https:\/\/migracao.redenoticia.com.br\/noticia\/imagens\/novela-imperio-resumo-elenco.jpeg 1280w, https:\/\/migracao.redenoticia.com.br\/noticia\/imagens\/novela-imperio-resumo-elenco-250x140.jpeg 250w, https:\/\/migracao.redenoticia.com.br\/noticia\/imagens\/novela-imperio-resumo-elenco-400x225.jpeg 400w, https:\/\/migracao.redenoticia.com.br\/noticia\/imagens\/novela-imperio-resumo-elenco-768x432.jpeg 768w, https:\/\/migracao.redenoticia.com.br\/noticia\/imagens\/novela-imperio-resumo-elenco-150x85.jpeg 150w\" sizes=\"auto, (max-width: 1280px) 100vw, 1280px\" \/><\/p>\n<p><em><strong>Resumo novela \u201cImp\u00e9rio\u201d<\/strong><\/em> em 26\/08: no cap\u00edtulo 118(*) da novela, Maria \u00cdsis enfrenta Marta e afirma que Jos\u00e9 Alfredo est\u00e1 morto. Cristina convoca uma nova reuni\u00e3o na joalheria Imp\u00e9rio. Jos\u00e9 Alfredo avisa a Cristina que Josu\u00e9 ir\u00e1 \u00e0 sua casa para recuperar o anel que Cora roubou. Robert\u00e3o recebe uma proposta de trabalho para deixar o pa\u00eds. Elivaldo conta para Marc\u00e3o que reatou com Tuane.<\/p>\n<p>Cristina tem uma ideia para tentar salvar a Imp\u00e9rio, mas Maria Clara se recusa a ajud\u00e1-la. Cora vai at\u00e9 o cemit\u00e9rio. T\u00e9o sugere que Magn\u00f3lia e Severo pe\u00e7am para Cl\u00e1udio organizar sua festa. Orville sente ci\u00fames de Juliane com Arnold\u00e3o. Josu\u00e9 encontra a caixa de segredos de Cora. Cristina pergunta se Patr\u00edcio pode criar uma cole\u00e7\u00e3o mais popular para a joalheria Imp\u00e9rio. Josu\u00e9 entrega o anel para Jos\u00e9 Alfredo.<\/p>\n<p>(*) edi\u00e7\u00e3o das novelas da Globo, \u201cImp\u00e9rio\u201d, sujeito a altera\u00e7\u00e3o de data e conte\u00fado.<\/p>\n<p>Sinopse Novela &#8220;Imp\u00e9rio&#8221;: hist\u00f3ria do pernambucano Jos\u00e9 Alfredo de Medeiros (Chay Suede\/Alexandre Nero), o homem de preto. Dono de uma rede de joalherias, o Comendador tem tr\u00eas filhos com a aristocrata falida Maria Marta Mendon\u00e7a e Albuquerque (Adriana Birolli\/Lilia Cabral): Jos\u00e9 Pedro (Caio Blat), Maria Clara (Andreia Horta) e Jo\u00e3o Lucas (Daniel Rocha). Os tr\u00eas disputam a heran\u00e7a da empresa constru\u00edda pelo pai. <\/p>\n","protected":false},"excerpt":{"rendered":"<p>Resumo novela \u201cImp\u00e9rio\u201d em 26\/08: no cap\u00edtulo 118(*) da novela, Maria \u00cdsis enfrenta Marta e afirma que Jos\u00e9 Alfredo est\u00e1 morto. Cristina convoca uma nova reuni\u00e3o na joalheria Imp\u00e9rio. Jos\u00e9 Alfredo avisa a Cristina que Josu\u00e9 ir\u00e1 \u00e0 sua casa para recuperar o anel que Cora roubou. Robert\u00e3o recebe uma proposta de trabalho para deixar [&hellip;]<\/p>\n","protected":false},"author":2,"featured_media":205061,"comment_status":"closed","ping_status":"closed","sticky":false,"template":"","format":"standard","meta":{"tdm_status":"","tdm_grid_status":"","footnotes":""},"categories":[2196,379,375,2025,343],"tags":[441],"class_list":{"0":"post-209758","1":"post","2":"type-post","3":"status-publish","4":"format-standard","5":"has-post-thumbnail","7":"category-imperio","8":"category-novelas","9":"category-rede-globo","10":"category-resumo","11":"category-televisao","12":"tag-resumo-do-dia"},"_links":{"self":[{"href":"https:\/\/migracao.redenoticia.com.br\/noticia\/wp-json\/wp\/v2\/posts\/209758","targetHints":{"allow":["GET"]}}],"collection":[{"href":"https:\/\/migracao.redenoticia.com.br\/noticia\/wp-json\/wp\/v2\/posts"}],"about":[{"href":"https:\/\/migracao.redenoticia.com.br\/noticia\/wp-json\/wp\/v2\/types\/post"}],"author":[{"embeddable":true,"href":"https:\/\/migracao.redenoticia.com.br\/noticia\/wp-json\/wp\/v2\/users\/2"}],"replies":[{"embeddable":true,"href":"https:\/\/migracao.redenoticia.com.br\/noticia\/wp-json\/wp\/v2\/comments?post=209758"}],"version-history":[{"count":0,"href":"https:\/\/migracao.redenoticia.com.br\/noticia\/wp-json\/wp\/v2\/posts\/209758\/revisions"}],"wp:featuredmedia":[{"embeddable":true,"href":"https:\/\/migracao.redenoticia.com.br\/noticia\/wp-json\/wp\/v2\/media\/205061"}],"wp:attachment":[{"href":"https:\/\/migracao.redenoticia.com.br\/noticia\/wp-json\/wp\/v2\/media?parent=209758"}],"wp:term":[{"taxonomy":"category","embeddable":true,"href":"https:\/\/migracao.redenoticia.com.br\/noticia\/wp-json\/wp\/v2\/categories?post=209758"},{"taxonomy":"post_tag","embeddable":true,"href":"https:\/\/migracao.redenoticia.com.br\/noticia\/wp-json\/wp\/v2\/tags?post=209758"}],"curies":[{"name":"wp","href":"https:\/\/api.w.org\/{rel}","templated":true}]}}