{"id":209761,"date":"2021-08-25T18:44:19","date_gmt":"2021-08-25T21:44:19","guid":{"rendered":"https:\/\/www.redenoticia.com.br\/noticia\/?p=209761"},"modified":"2021-08-25T18:44:19","modified_gmt":"2021-08-25T21:44:19","slug":"resumo-coracao-indomavel-26-08-esther-da-a-luz-e-o-bebe-morre","status":"publish","type":"post","link":"https:\/\/migracao.redenoticia.com.br\/noticia\/2021\/resumo-coracao-indomavel-26-08-esther-da-a-luz-e-o-bebe-morre\/209761","title":{"rendered":"Resumo &#8220;Cora\u00e7\u00e3o Indom\u00e1vel&#8221; 26\/08: Esther d\u00e1 \u00e0 luz e o beb\u00ea morre"},"content":{"rendered":"<p> <img loading=\"lazy\" decoding=\"async\" class=\"aligncenter size-full wp-image-206134\" src=\"https:\/\/migracao.redenoticia.com.br\/noticia\/imagens\/coracao-indomavel-resumo-novela-elenco.jpeg\" alt=\"\" width=\"1280\" height=\"720\" srcset=\"https:\/\/migracao.redenoticia.com.br\/noticia\/imagens\/coracao-indomavel-resumo-novela-elenco.jpeg 1280w, https:\/\/migracao.redenoticia.com.br\/noticia\/imagens\/coracao-indomavel-resumo-novela-elenco-250x140.jpeg 250w, https:\/\/migracao.redenoticia.com.br\/noticia\/imagens\/coracao-indomavel-resumo-novela-elenco-400x225.jpeg 400w, https:\/\/migracao.redenoticia.com.br\/noticia\/imagens\/coracao-indomavel-resumo-novela-elenco-768x432.jpeg 768w, https:\/\/migracao.redenoticia.com.br\/noticia\/imagens\/coracao-indomavel-resumo-novela-elenco-150x85.jpeg 150w\" sizes=\"auto, (max-width: 1280px) 100vw, 1280px\" \/><\/p>\n<p><strong><em>Resumo da novela &#8220;Cora\u00e7\u00e3o Indom\u00e1vel&#8221;<\/em><\/strong> em 26\/08: no cap\u00edtulo 068(*) da novela, Clorinda manda um menino ir atr\u00e1s do necess\u00e1rio para o parto de Esther, j\u00e1 que o nascimento se adiantou. Lucia se ajoelha perante a po\u00e7a de lama para tirar as notas promiss\u00f3rias da lama com os dentes. Esther pede a Clorinda que chame um doutor para atend\u00ea-la. Maricruz lembra Lucia, e diz a todos os presentes, o sofrimento pelo qual Lucia e os Narv\u00e1ez a fez passar. Doris diz a Ot\u00e1vio que far\u00e1 com que Maricruz pague pelo que fez a Lucia, e ele responde que Maricruz tem direito de fazer o que faz. Ot\u00e1vio diz a Doris que Maria Alessandra \u00e9 sua esposa.<\/p>\n<p>Maria Alessandra diz a Lucia que as notas que tirou da lama s\u00e3o c\u00f3pias, e que ela tem um ano para pagar as d\u00edvidas de Miguel. Maria Alessandra pede a Marco que plante um roseiral onde est\u00e1 a po\u00e7a de lama, para que fique como uma lembran\u00e7a de sua vingan\u00e7a. Doris diz ao governador que Maria Alessandra \u00e9 Maricruz, a esposa de Ot\u00e1vio. Ot\u00e1vio diz a Eduardo que n\u00e3o poder\u00e1 acompanh\u00e1-lo em seu casamento, j\u00e1 que n\u00e3o deseja ter nenhum tipo de contato com Maria Alessandra. Doris pede ao governador que expulse Maricruz imediatamente da Ilha Dourada.<\/p>\n<p>Miguel diz a Ot\u00e1vio que se pudesse, ele mesmo mataria Maricruz. Eduardo informa a Aracely que Ot\u00e1vio se negou a ser padrinho de seu casamento. Eduardo pede a Sonia que conven\u00e7a Ot\u00e1vio a ser padrinho do casamento. Lucia pede a Ot\u00e1vio que se vingue de Maricruz, fazendo-a sofrer por amor. O Governador diz a Doris que ir\u00e1 a um casamento. Ot\u00e1vio diz a Sonia que ir\u00e1 ao casamento de Eduardo e Aracely. Clorinda faz o parto de Esther.<\/p>\n<p>Doris pede ao governador que n\u00e3o veja Mariana como uma filha, e sim como uma mulher. Esther d\u00e1 \u00e0 luz e Jos\u00e9 Ant\u00f4nio se alegra. Clorinda diz a Esther que o rec\u00e9m-nascido necessitar\u00e1 de cuidados especiais. Ot\u00e1vio entrega Aracely a Eduardo no altar. Esther percebe que seu beb\u00ea est\u00e1 frio. Ot\u00e1vio insinua para Maricruz que ele se casar\u00e1 com Doris, e ela responde que est\u00e1 comprometida com o governador. Fora da cabana de Esther, Clorinda diz a Jos\u00e9 Antonio que o beb\u00ea est\u00e1 morto.<\/p>\n<p>(*) edi\u00e7\u00e3o das novelas do SBT, &#8220;Cora\u00e7\u00e3o Indom\u00e1vel&#8221;, sujeito a altera\u00e7\u00e3o de data e conte\u00fado.<\/p>\n<p>Sinopse &#8220;Cora\u00e7\u00e3o Indom\u00e1vel&#8221;: A novela conta a hist\u00f3ria da pobre Maricruz que, ap\u00f3s ter sido abandonada pelo marido, decide se vingar daqueles que a humilharam. Ela descobre ser filha de um homem rico, tornando-se uma mulher da alta sociedade.<\/p>\n","protected":false},"excerpt":{"rendered":"<p>Resumo da novela &#8220;Cora\u00e7\u00e3o Indom\u00e1vel&#8221; em 26\/08: no cap\u00edtulo 068(*) da novela, Clorinda manda um menino ir atr\u00e1s do necess\u00e1rio para o parto de Esther, j\u00e1 que o nascimento se adiantou. Lucia se ajoelha perante a po\u00e7a de lama para tirar as notas promiss\u00f3rias da lama com os dentes. Esther pede a Clorinda que chame [&hellip;]<\/p>\n","protected":false},"author":2,"featured_media":206133,"comment_status":"closed","ping_status":"closed","sticky":false,"template":"","format":"standard","meta":{"tdm_status":"","tdm_grid_status":"","footnotes":""},"categories":[2200,379,2025,372,343],"tags":[441],"class_list":{"0":"post-209761","1":"post","2":"type-post","3":"status-publish","4":"format-standard","5":"has-post-thumbnail","7":"category-coracao-indomavel","8":"category-novelas","9":"category-resumo","10":"category-sbt","11":"category-televisao","12":"tag-resumo-do-dia"},"_links":{"self":[{"href":"https:\/\/migracao.redenoticia.com.br\/noticia\/wp-json\/wp\/v2\/posts\/209761","targetHints":{"allow":["GET"]}}],"collection":[{"href":"https:\/\/migracao.redenoticia.com.br\/noticia\/wp-json\/wp\/v2\/posts"}],"about":[{"href":"https:\/\/migracao.redenoticia.com.br\/noticia\/wp-json\/wp\/v2\/types\/post"}],"author":[{"embeddable":true,"href":"https:\/\/migracao.redenoticia.com.br\/noticia\/wp-json\/wp\/v2\/users\/2"}],"replies":[{"embeddable":true,"href":"https:\/\/migracao.redenoticia.com.br\/noticia\/wp-json\/wp\/v2\/comments?post=209761"}],"version-history":[{"count":0,"href":"https:\/\/migracao.redenoticia.com.br\/noticia\/wp-json\/wp\/v2\/posts\/209761\/revisions"}],"wp:featuredmedia":[{"embeddable":true,"href":"https:\/\/migracao.redenoticia.com.br\/noticia\/wp-json\/wp\/v2\/media\/206133"}],"wp:attachment":[{"href":"https:\/\/migracao.redenoticia.com.br\/noticia\/wp-json\/wp\/v2\/media?parent=209761"}],"wp:term":[{"taxonomy":"category","embeddable":true,"href":"https:\/\/migracao.redenoticia.com.br\/noticia\/wp-json\/wp\/v2\/categories?post=209761"},{"taxonomy":"post_tag","embeddable":true,"href":"https:\/\/migracao.redenoticia.com.br\/noticia\/wp-json\/wp\/v2\/tags?post=209761"}],"curies":[{"name":"wp","href":"https:\/\/api.w.org\/{rel}","templated":true}]}}