{"id":209795,"date":"2021-08-26T12:59:24","date_gmt":"2021-08-26T15:59:24","guid":{"rendered":"https:\/\/www.redenoticia.com.br\/noticia\/?p=209795"},"modified":"2021-08-26T12:59:24","modified_gmt":"2021-08-26T15:59:24","slug":"resumo-tititi-27-08-stefany-sugere-a-armandinho-que-sequestre-desiree","status":"publish","type":"post","link":"https:\/\/migracao.redenoticia.com.br\/noticia\/2021\/resumo-tititi-27-08-stefany-sugere-a-armandinho-que-sequestre-desiree\/209795","title":{"rendered":"Resumo \u201cTiTiTi\u201d 27\/08: St\u00e9fany sugere a Armandinho que sequestre Desir\u00e9e"},"content":{"rendered":"<p><img loading=\"lazy\" decoding=\"async\" src=\"https:\/\/migracao.redenoticia.com.br\/noticia\/imagens\/tititi-elenco-personagens.jpeg\" alt=\"\" width=\"1280\" height=\"720\" class=\"aligncenter size-full wp-image-204657\" srcset=\"https:\/\/migracao.redenoticia.com.br\/noticia\/imagens\/tititi-elenco-personagens.jpeg 1280w, https:\/\/migracao.redenoticia.com.br\/noticia\/imagens\/tititi-elenco-personagens-250x140.jpeg 250w, https:\/\/migracao.redenoticia.com.br\/noticia\/imagens\/tititi-elenco-personagens-400x225.jpeg 400w, https:\/\/migracao.redenoticia.com.br\/noticia\/imagens\/tititi-elenco-personagens-768x432.jpeg 768w, https:\/\/migracao.redenoticia.com.br\/noticia\/imagens\/tititi-elenco-personagens-150x85.jpeg 150w\" sizes=\"auto, (max-width: 1280px) 100vw, 1280px\" \/><\/p>\n<p><em><strong>Resumo da novela \u201cTiTiTi\u201d<\/strong><\/em> em 27\/08: no cap\u00edtulo 110(*) da novela, Clotilde prop\u00f5e que Amanda ajude o pai a desmoralizar Valentim. St\u00e9fany tenta seduzir Jorgito. Luisa desmaia e assusta Edgar. Giancarlo nota o entrosamento entre Marcela e Renato. Eduardo se depara com Tha\u00edsa fazendo mais um protesto na rua e interfere. A equipe da Moda Brasil repara no clima de romance entre Renato e Marcela. Marcela desabafa com Julinho e revela que est\u00e1 dividida entre Edgar e Renato. Amanda chega em casa conturbada e discute com a m\u00e3e.<\/p>\n<p>Magali e Armandinho recebem o dinheiro da heran\u00e7a. Thales convida Julinho para ir a Saquarema. Jaqueline sai para ver Jacques e Massa a segue. Jorgito diz a Desir\u00e9e que teme perd\u00ea-la para Armandinho. Chico pressiona Nicole a se casar com ele. St\u00e9fany sugere a Armandinho que sequestre Desir\u00e9e e se oferece para ajud\u00e1-lo. Jaqueline se encontra com Jacques. Giancarlo contrata Isabel, ex-namorada de Renato, para ser assessora de imprensa da Editora e Marcela fica enciumada. Amanda resolve ajudar Jacques.<\/p>\n<p>(*) edi\u00e7\u00e3o das novelas da Globo, \u201cTiTiTi\u201d, sujeito a altera\u00e7\u00e3o de data e conte\u00fado.<\/p>\n<p>Sinopse &#8220;TiTiTi&#8221;: Alexandre Borges e Murilo Ben\u00edcio interpretam os rivais da hist\u00f3ria, respectivamente Jacques Leclair e Victor Valentim, que passam a novela inteira se digladiando para ver quem sobressai no mundo na moda como estilista bem-sucedido, com o nome transformado em grife e as cole\u00e7\u00f5es desfiladas nas grandes semanas de moda e fotografadas para as revistas de celebridades.<\/p>\n","protected":false},"excerpt":{"rendered":"<p>Resumo da novela \u201cTiTiTi\u201d em 27\/08: no cap\u00edtulo 110(*) da novela, Clotilde prop\u00f5e que Amanda ajude o pai a desmoralizar Valentim. St\u00e9fany tenta seduzir Jorgito. Luisa desmaia e assusta Edgar. Giancarlo nota o entrosamento entre Marcela e Renato. Eduardo se depara com Tha\u00edsa fazendo mais um protesto na rua e interfere. A equipe da Moda [&hellip;]<\/p>\n","protected":false},"author":4,"featured_media":204655,"comment_status":"closed","ping_status":"closed","sticky":false,"template":"","format":"standard","meta":{"tdm_status":"","tdm_grid_status":"","footnotes":""},"categories":[379,375,2025,343,2193],"tags":[441],"class_list":{"0":"post-209795","1":"post","2":"type-post","3":"status-publish","4":"format-standard","5":"has-post-thumbnail","7":"category-novelas","8":"category-rede-globo","9":"category-resumo","10":"category-televisao","11":"category-tititi","12":"tag-resumo-do-dia"},"_links":{"self":[{"href":"https:\/\/migracao.redenoticia.com.br\/noticia\/wp-json\/wp\/v2\/posts\/209795","targetHints":{"allow":["GET"]}}],"collection":[{"href":"https:\/\/migracao.redenoticia.com.br\/noticia\/wp-json\/wp\/v2\/posts"}],"about":[{"href":"https:\/\/migracao.redenoticia.com.br\/noticia\/wp-json\/wp\/v2\/types\/post"}],"author":[{"embeddable":true,"href":"https:\/\/migracao.redenoticia.com.br\/noticia\/wp-json\/wp\/v2\/users\/4"}],"replies":[{"embeddable":true,"href":"https:\/\/migracao.redenoticia.com.br\/noticia\/wp-json\/wp\/v2\/comments?post=209795"}],"version-history":[{"count":0,"href":"https:\/\/migracao.redenoticia.com.br\/noticia\/wp-json\/wp\/v2\/posts\/209795\/revisions"}],"wp:featuredmedia":[{"embeddable":true,"href":"https:\/\/migracao.redenoticia.com.br\/noticia\/wp-json\/wp\/v2\/media\/204655"}],"wp:attachment":[{"href":"https:\/\/migracao.redenoticia.com.br\/noticia\/wp-json\/wp\/v2\/media?parent=209795"}],"wp:term":[{"taxonomy":"category","embeddable":true,"href":"https:\/\/migracao.redenoticia.com.br\/noticia\/wp-json\/wp\/v2\/categories?post=209795"},{"taxonomy":"post_tag","embeddable":true,"href":"https:\/\/migracao.redenoticia.com.br\/noticia\/wp-json\/wp\/v2\/tags?post=209795"}],"curies":[{"name":"wp","href":"https:\/\/api.w.org\/{rel}","templated":true}]}}