{"id":209894,"date":"2021-08-29T19:17:45","date_gmt":"2021-08-29T22:17:45","guid":{"rendered":"https:\/\/www.redenoticia.com.br\/noticia\/?p=209894"},"modified":"2021-08-29T19:17:45","modified_gmt":"2021-08-29T22:17:45","slug":"resumo-imperio-30-08-jose-alfredo-permite-que-seu-falso-corpo-seja-exumado","status":"publish","type":"post","link":"https:\/\/migracao.redenoticia.com.br\/noticia\/2021\/resumo-imperio-30-08-jose-alfredo-permite-que-seu-falso-corpo-seja-exumado\/209894","title":{"rendered":"Resumo \u201cImp\u00e9rio\u201d 30\/08: Jos\u00e9 Alfredo permite que seu falso corpo seja exumado"},"content":{"rendered":"<p> <img loading=\"lazy\" decoding=\"async\" class=\"aligncenter size-full wp-image-205063\" src=\"https:\/\/migracao.redenoticia.com.br\/noticia\/imagens\/novela-imperio-resumo-elenco.jpeg\" alt=\"\" width=\"1280\" height=\"720\" srcset=\"https:\/\/migracao.redenoticia.com.br\/noticia\/imagens\/novela-imperio-resumo-elenco.jpeg 1280w, https:\/\/migracao.redenoticia.com.br\/noticia\/imagens\/novela-imperio-resumo-elenco-250x140.jpeg 250w, https:\/\/migracao.redenoticia.com.br\/noticia\/imagens\/novela-imperio-resumo-elenco-400x225.jpeg 400w, https:\/\/migracao.redenoticia.com.br\/noticia\/imagens\/novela-imperio-resumo-elenco-768x432.jpeg 768w, https:\/\/migracao.redenoticia.com.br\/noticia\/imagens\/novela-imperio-resumo-elenco-150x85.jpeg 150w\" sizes=\"auto, (max-width: 1280px) 100vw, 1280px\" \/><\/p>\n<p><em><strong>Resumo novela \u201cImp\u00e9rio\u201d<\/strong><\/em> em 30\/08: no cap\u00edtulo 121(*) da novela, Maria Marta faz um acordo com Cora para descobrir o esconderijo de Jos\u00e9 Alfredo. Xana aconselha Vicente a escolher entre Cristina e Maria Clara. Enrico v\u00ea Maur\u00edlio e Danielle tomando caf\u00e9-da-manh\u00e3 juntos no hotel. Bruna sai do hotel sem que sua m\u00e3e a veja. Xana ouve Nan\u00e1 falando com Ant\u00f4nio. Josu\u00e9 chega para falar com Maria Marta. Danielle descobre que a filha sumiu e se desespera. Bruna fala para Jos\u00e9 Pedro que sua m\u00e3e est\u00e1 com Maur\u00edlio.<\/p>\n<p>Maria Marta manda Josu\u00e9 dar um recado para Jos\u00e9 Alfredo. Silviano avisa a Danielle que Bruna est\u00e1 na mans\u00e3o. Jos\u00e9 Alfredo explica seu novo plano para Josu\u00e9 e manda que ele o execute o quanto antes. Orville fica encantado com o quadro que Salvador pinta de Helena. Maria Marta questiona Danielle sobre seu envolvimento com Maur\u00edlio. Jos\u00e9 Alfredo manda Cristina permitir que seu falso corpo seja exumado.<\/p>\n<p>(*) edi\u00e7\u00e3o das novelas da Globo, \u201cImp\u00e9rio\u201d, sujeito a altera\u00e7\u00e3o de data e conte\u00fado.<\/p>\n<p>Sinopse Novela &#8220;Imp\u00e9rio&#8221;: hist\u00f3ria do pernambucano Jos\u00e9 Alfredo de Medeiros (Chay Suede\/Alexandre Nero), o homem de preto. Dono de uma rede de joalherias, o Comendador tem tr\u00eas filhos com a aristocrata falida Maria Marta Mendon\u00e7a e Albuquerque (Adriana Birolli\/Lilia Cabral): Jos\u00e9 Pedro (Caio Blat), Maria Clara (Andreia Horta) e Jo\u00e3o Lucas (Daniel Rocha). Os tr\u00eas disputam a heran\u00e7a da empresa constru\u00edda pelo pai. <\/p>\n","protected":false},"excerpt":{"rendered":"<p>Resumo novela \u201cImp\u00e9rio\u201d em 30\/08: no cap\u00edtulo 121(*) da novela, Maria Marta faz um acordo com Cora para descobrir o esconderijo de Jos\u00e9 Alfredo. Xana aconselha Vicente a escolher entre Cristina e Maria Clara. Enrico v\u00ea Maur\u00edlio e Danielle tomando caf\u00e9-da-manh\u00e3 juntos no hotel. Bruna sai do hotel sem que sua m\u00e3e a veja. Xana [&hellip;]<\/p>\n","protected":false},"author":2,"featured_media":205061,"comment_status":"closed","ping_status":"closed","sticky":false,"template":"","format":"standard","meta":{"tdm_status":"","tdm_grid_status":"","footnotes":""},"categories":[2196,379,375,2025,343],"tags":[441],"class_list":{"0":"post-209894","1":"post","2":"type-post","3":"status-publish","4":"format-standard","5":"has-post-thumbnail","7":"category-imperio","8":"category-novelas","9":"category-rede-globo","10":"category-resumo","11":"category-televisao","12":"tag-resumo-do-dia"},"_links":{"self":[{"href":"https:\/\/migracao.redenoticia.com.br\/noticia\/wp-json\/wp\/v2\/posts\/209894","targetHints":{"allow":["GET"]}}],"collection":[{"href":"https:\/\/migracao.redenoticia.com.br\/noticia\/wp-json\/wp\/v2\/posts"}],"about":[{"href":"https:\/\/migracao.redenoticia.com.br\/noticia\/wp-json\/wp\/v2\/types\/post"}],"author":[{"embeddable":true,"href":"https:\/\/migracao.redenoticia.com.br\/noticia\/wp-json\/wp\/v2\/users\/2"}],"replies":[{"embeddable":true,"href":"https:\/\/migracao.redenoticia.com.br\/noticia\/wp-json\/wp\/v2\/comments?post=209894"}],"version-history":[{"count":0,"href":"https:\/\/migracao.redenoticia.com.br\/noticia\/wp-json\/wp\/v2\/posts\/209894\/revisions"}],"wp:featuredmedia":[{"embeddable":true,"href":"https:\/\/migracao.redenoticia.com.br\/noticia\/wp-json\/wp\/v2\/media\/205061"}],"wp:attachment":[{"href":"https:\/\/migracao.redenoticia.com.br\/noticia\/wp-json\/wp\/v2\/media?parent=209894"}],"wp:term":[{"taxonomy":"category","embeddable":true,"href":"https:\/\/migracao.redenoticia.com.br\/noticia\/wp-json\/wp\/v2\/categories?post=209894"},{"taxonomy":"post_tag","embeddable":true,"href":"https:\/\/migracao.redenoticia.com.br\/noticia\/wp-json\/wp\/v2\/tags?post=209894"}],"curies":[{"name":"wp","href":"https:\/\/api.w.org\/{rel}","templated":true}]}}