{"id":209899,"date":"2021-08-29T19:12:15","date_gmt":"2021-08-29T22:12:15","guid":{"rendered":"https:\/\/www.redenoticia.com.br\/noticia\/?p=209899"},"modified":"2021-08-29T19:12:15","modified_gmt":"2021-08-29T22:12:15","slug":"resumo-pega-pega-30-08-arlete-pede-perdao-a-julio","status":"publish","type":"post","link":"https:\/\/migracao.redenoticia.com.br\/noticia\/2021\/resumo-pega-pega-30-08-arlete-pede-perdao-a-julio\/209899","title":{"rendered":"Resumo &#8220;Pega Pega&#8221; 30\/08: Arlete pede perd\u00e3o a J\u00falio"},"content":{"rendered":"<p> <img loading=\"lazy\" decoding=\"async\" class=\"aligncenter size-full wp-image-208391\" src=\"https:\/\/migracao.redenoticia.com.br\/noticia\/imagens\/pega-pega-resumo-novela-elenco-personagens.jpeg\" alt=\"\" width=\"1280\" height=\"720\" srcset=\"https:\/\/migracao.redenoticia.com.br\/noticia\/imagens\/pega-pega-resumo-novela-elenco-personagens.jpeg 1280w, https:\/\/migracao.redenoticia.com.br\/noticia\/imagens\/pega-pega-resumo-novela-elenco-personagens-250x140.jpeg 250w, https:\/\/migracao.redenoticia.com.br\/noticia\/imagens\/pega-pega-resumo-novela-elenco-personagens-400x225.jpeg 400w, https:\/\/migracao.redenoticia.com.br\/noticia\/imagens\/pega-pega-resumo-novela-elenco-personagens-768x432.jpeg 768w, https:\/\/migracao.redenoticia.com.br\/noticia\/imagens\/pega-pega-resumo-novela-elenco-personagens-150x85.jpeg 150w\" sizes=\"auto, (max-width: 1280px) 100vw, 1280px\" \/><\/p>\n<p><em><strong>Resumo novela &#8220;Pega Pega&#8221;<\/strong><\/em> em 30\/08: no cap\u00edtulo 037(*) da novela, J\u00falio acusa Ant\u00f4nia de pensar s\u00f3 em sua carreira. Ant\u00f4nia avisa a J\u00falio que ele dever\u00e1 pagar pelo crime que cometeu. Maria Pia e Malagueta se entregam \u00e0 paix\u00e3o e dormem juntos. Prazeres passa mal ao saber da pris\u00e3o de J\u00falio. Malagueta informa a Tim\u00f3teo que J\u00falio n\u00e3o contar\u00e1 \u00e0 pol\u00edcia que ele participou do roubo. Evandro diz a M\u00f4nica que ela n\u00e3o pode aparecer na janela, por causa dos rep\u00f3rteres e curiosos que v\u00e3o surgir na vila. M\u00f4nica faz as malas e sai da vila de forma discreta. <\/p>\n<p>Nelito conforta Ant\u00f4nia. Luiza e Sandra Helena discutem e saem no tapa. Eric afirma a Ant\u00f4nia que quer pegar todos os envolvidos no roubo e se coloca \u00e0 disposi\u00e7\u00e3o para ajudar a pol\u00edcia. Sandra Helena coloca tinta vermelha nos vidros de shampoo do carrinho de T\u00e2nia e provoca uma reclama\u00e7\u00e3o geral de h\u00f3spedes no hotel. T\u00e2nia conta a Douglas que algu\u00e9m quer prejudic\u00e1-la. M\u00f4nica procura Malagueta. J\u00falio fica surpreso ao saber, pelo advogado, que sua m\u00e3e pagou a fian\u00e7a para solt\u00e1-lo. Arlete pede perd\u00e3o a J\u00falio.<\/p>\n<p>Evandro chora ao ler carta de M\u00f4nica<\/p>\n<p>J\u00falio resiste em aceitar as justificativas de Arlete, que explica ao filho que sumiu para salvar a vida dele. M\u00f4nica deixa claro a Malagueta que fugiu com Evandro para n\u00e3o ser pega pela pol\u00edcia, como Tim\u00f3teo e Canivete. Malagueta aceita dar abrigo a M\u00f4nica como amigo. Prazeres fala com Elza, que se sente culpada por J\u00falio ter roubado. C\u00edntia fica surpresa por Nelito compreender a atitude de J\u00falio. Pedrinho tem medo de ficar pobre novamente. Sandra Helena mostra a C\u00edntia que Nelito sente atra\u00e7\u00e3o por ela. Prazeres desmaia ao ver Arlete. Sandra Helena diz a Eric que est\u00e1 interessada em investir nas empresas dele. Luiza comemora com R\u00fabia a libera\u00e7\u00e3o do alvar\u00e1 de funcionamento da boate. <\/p>\n<p>Douglas aceita fazer o show de reestreia do KlubStrass. Adriano reclama com Sabine por seu afastamento e falta de afeto. Douglas se prontifica a ensinar Sandra Helena a conhecer regras sociais. Evandro chora ao ler a carta de despedida de M\u00f4nica. Arlete pede garantias a Atha\u00edde de que ela e a fam\u00edlia n\u00e3o correm perigo. Atha\u00edde pergunta a Arlete o que ela fez com as provas.<\/p>\n<p>(*) edi\u00e7\u00e3o das novelas da Globo, &#8220;Pega Pega&#8221;, sujeito a altera\u00e7\u00e3o de data e conte\u00fado.<\/p>\n<p>Sinopse &#8220;Pega Pega&#8221;: a trama central \u00e9 o roubo ao Hotel Carioca Palace e seus desdobramentos na vida de cada um dos envolvidos, sejam eles h\u00f3spedes, suspeitos ou convidados do grande baile de gala. Neta do dono do Hotel, Lu\u00edza (Camila Queiroz), que vive por l\u00e1 desde crian\u00e7a, v\u00ea sua festa de 25 anos se transformar em uma grande investiga\u00e7\u00e3o policial.<\/p>\n<p>O roubo de 40 milh\u00f5es de d\u00f3lares do cofre, fruto da venda de Pedrinho Guimar\u00e3es (Marcos Caruso), sem consentimento da herdeira, do Carioca Palace para Eric Ribeiro (Mateus Solano), \u00e9 arquitetado por quatro funcion\u00e1rios: o concierge Malagueta (Marcelo Serrado), o gar\u00e7om J\u00falio (Thiago Martins), o recepcionista Agnaldo (Jo\u00e3o Baldasserini) e a camareira Sandra Helena (Nanda Costa). A princ\u00edpio eles hesitam, mas depois, diante de situa\u00e7\u00f5es limite na vida de cada um, topam participar do roubo.<\/p>\n","protected":false},"excerpt":{"rendered":"<p>Resumo novela &#8220;Pega Pega&#8221; em 30\/08: no cap\u00edtulo 037(*) da novela, J\u00falio acusa Ant\u00f4nia de pensar s\u00f3 em sua carreira. Ant\u00f4nia avisa a J\u00falio que ele dever\u00e1 pagar pelo crime que cometeu. Maria Pia e Malagueta se entregam \u00e0 paix\u00e3o e dormem juntos. Prazeres passa mal ao saber da pris\u00e3o de J\u00falio. Malagueta informa a [&hellip;]<\/p>\n","protected":false},"author":2,"featured_media":208390,"comment_status":"closed","ping_status":"closed","sticky":false,"template":"","format":"standard","meta":{"tdm_status":"","tdm_grid_status":"","footnotes":""},"categories":[379,2217,375,2025,343],"tags":[441],"class_list":{"0":"post-209899","1":"post","2":"type-post","3":"status-publish","4":"format-standard","5":"has-post-thumbnail","7":"category-novelas","8":"category-pega-pega","9":"category-rede-globo","10":"category-resumo","11":"category-televisao","12":"tag-resumo-do-dia"},"_links":{"self":[{"href":"https:\/\/migracao.redenoticia.com.br\/noticia\/wp-json\/wp\/v2\/posts\/209899","targetHints":{"allow":["GET"]}}],"collection":[{"href":"https:\/\/migracao.redenoticia.com.br\/noticia\/wp-json\/wp\/v2\/posts"}],"about":[{"href":"https:\/\/migracao.redenoticia.com.br\/noticia\/wp-json\/wp\/v2\/types\/post"}],"author":[{"embeddable":true,"href":"https:\/\/migracao.redenoticia.com.br\/noticia\/wp-json\/wp\/v2\/users\/2"}],"replies":[{"embeddable":true,"href":"https:\/\/migracao.redenoticia.com.br\/noticia\/wp-json\/wp\/v2\/comments?post=209899"}],"version-history":[{"count":0,"href":"https:\/\/migracao.redenoticia.com.br\/noticia\/wp-json\/wp\/v2\/posts\/209899\/revisions"}],"wp:featuredmedia":[{"embeddable":true,"href":"https:\/\/migracao.redenoticia.com.br\/noticia\/wp-json\/wp\/v2\/media\/208390"}],"wp:attachment":[{"href":"https:\/\/migracao.redenoticia.com.br\/noticia\/wp-json\/wp\/v2\/media?parent=209899"}],"wp:term":[{"taxonomy":"category","embeddable":true,"href":"https:\/\/migracao.redenoticia.com.br\/noticia\/wp-json\/wp\/v2\/categories?post=209899"},{"taxonomy":"post_tag","embeddable":true,"href":"https:\/\/migracao.redenoticia.com.br\/noticia\/wp-json\/wp\/v2\/tags?post=209899"}],"curies":[{"name":"wp","href":"https:\/\/api.w.org\/{rel}","templated":true}]}}