{"id":209903,"date":"2021-08-29T19:14:55","date_gmt":"2021-08-29T22:14:55","guid":{"rendered":"https:\/\/www.redenoticia.com.br\/noticia\/?p=209903"},"modified":"2021-08-29T19:14:55","modified_gmt":"2021-08-29T22:14:55","slug":"resumo-coracao-indomavel-30-08-otavio-caminha-em-busca-de-ajuda","status":"publish","type":"post","link":"https:\/\/migracao.redenoticia.com.br\/noticia\/2021\/resumo-coracao-indomavel-30-08-otavio-caminha-em-busca-de-ajuda\/209903","title":{"rendered":"Resumo &#8220;Cora\u00e7\u00e3o Indom\u00e1vel&#8221; 30\/08: Ot\u00e1vio caminha em busca de ajuda"},"content":{"rendered":"<p><img loading=\"lazy\" decoding=\"async\" class=\"aligncenter size-full wp-image-206134\" src=\"https:\/\/migracao.redenoticia.com.br\/noticia\/imagens\/coracao-indomavel-resumo-novela-elenco.jpeg\" alt=\"\" width=\"1280\" height=\"720\" srcset=\"https:\/\/migracao.redenoticia.com.br\/noticia\/imagens\/coracao-indomavel-resumo-novela-elenco.jpeg 1280w, https:\/\/migracao.redenoticia.com.br\/noticia\/imagens\/coracao-indomavel-resumo-novela-elenco-250x140.jpeg 250w, https:\/\/migracao.redenoticia.com.br\/noticia\/imagens\/coracao-indomavel-resumo-novela-elenco-400x225.jpeg 400w, https:\/\/migracao.redenoticia.com.br\/noticia\/imagens\/coracao-indomavel-resumo-novela-elenco-768x432.jpeg 768w, https:\/\/migracao.redenoticia.com.br\/noticia\/imagens\/coracao-indomavel-resumo-novela-elenco-150x85.jpeg 150w\" sizes=\"auto, (max-width: 1280px) 100vw, 1280px\" \/><\/p>\n<p><strong><em>Resumo da novela &#8220;Cora\u00e7\u00e3o Indom\u00e1vel&#8221;<\/em><\/strong> em 30\/08: no cap\u00edtulo 070(*) da novela, Jos\u00e9 Antonio pede a Simone que leve Esther para viver com ela, j\u00e1 que com a morte de seu filho, nada a obriga a viver em uma cabana junto a ele, e que se tivessem mais filhos, ele teme que tamb\u00e9m morram como o primeiro. Lucia pede a Ot\u00e1vio que n\u00e3o permita que Maricruz compre a fazenda. Jos\u00e9 Antonio diz a Santa que desaparecer\u00e1 da vida de Esther, porque ela n\u00e3o merece a vida que ele pode a proporcionar. Por telefone Miguel pede a Ot\u00e1vio que n\u00e3o abandone Lucia. Simone chega ao realengo \u00e0 procura de Esther, e ela se nega a ir com Simone, dizendo que jamais abandonar\u00e1 Jos\u00e9 Antonio.<\/p>\n<p>O advogado diz a Ot\u00e1vio que apresentar\u00e1 provas que Maria Alessandra na verdade \u00e9 Maricruz. Simone tenta convencer Esther a ir com ela, por\u00e9m \u00e9 in\u00fatil. Karim chama Maria Alessandra para ir a um restaurante. Esther diz a Santa que demonstrar\u00e1 a Jos\u00e9 Antonio que seu amor por ele \u00e9 verdadeiro. Ot\u00e1vio pilota um avi\u00e3o rumo a Ilha Dourada e observa irregularidades com os controles do avi\u00e3o. Ot\u00e1vio informa aos passageiros que obteve autoriza\u00e7\u00e3o para um pouso de emerg\u00eancia. Ot\u00e1vio diz ao capit\u00e3o que o combust\u00edvel da aeronave est\u00e1 acabando. Maricruz, por telefone, se apresenta como a esposa de Ot\u00e1vio para pedir informa\u00e7\u00f5es sobre o voo.<\/p>\n<p>Doris, por telefone, se apresenta como noiva de Ot\u00e1vio e tamb\u00e9m pregunta pelo voo, o empregado diz que acaba de atender a esposa de Ot\u00e1vio. Esther diz a Jos\u00e9 Antonio que n\u00e3o vai embora da cabana, e ele a amea\u00e7a dizendo que vai deixa-la sozinha se ela n\u00e3o for com Simone. Ot\u00e1vio aterrissa o avi\u00e3o, que solta fa\u00edscas ao tocar o ch\u00e3o. Miguel pensa que Ot\u00e1vio se matou. Em uma ilha deserta, Ot\u00e1vio caminha em busca de ajuda, trope\u00e7a, cai e machuca gravemente a perna. Doris diz a Mariana que elas devem fazer algo para encontrar Ot\u00e1vio.<\/p>\n<p>(*) edi\u00e7\u00e3o das novelas do SBT, &#8220;Cora\u00e7\u00e3o Indom\u00e1vel&#8221;, sujeito a altera\u00e7\u00e3o de data e conte\u00fado.<\/p>\n<p>Sinopse &#8220;Cora\u00e7\u00e3o Indom\u00e1vel&#8221;: A novela conta a hist\u00f3ria da pobre Maricruz que, ap\u00f3s ter sido abandonada pelo marido, decide se vingar daqueles que a humilharam. Ela descobre ser filha de um homem rico, tornando-se uma mulher da alta sociedade.<\/p>\n","protected":false},"excerpt":{"rendered":"<p>Resumo da novela &#8220;Cora\u00e7\u00e3o Indom\u00e1vel&#8221; em 30\/08: no cap\u00edtulo 070(*) da novela, Jos\u00e9 Antonio pede a Simone que leve Esther para viver com ela, j\u00e1 que com a morte de seu filho, nada a obriga a viver em uma cabana junto a ele, e que se tivessem mais filhos, ele teme que tamb\u00e9m morram como [&hellip;]<\/p>\n","protected":false},"author":2,"featured_media":206133,"comment_status":"closed","ping_status":"closed","sticky":false,"template":"","format":"standard","meta":{"tdm_status":"","tdm_grid_status":"","footnotes":""},"categories":[2200,379,2025,372,343],"tags":[441],"class_list":{"0":"post-209903","1":"post","2":"type-post","3":"status-publish","4":"format-standard","5":"has-post-thumbnail","7":"category-coracao-indomavel","8":"category-novelas","9":"category-resumo","10":"category-sbt","11":"category-televisao","12":"tag-resumo-do-dia"},"_links":{"self":[{"href":"https:\/\/migracao.redenoticia.com.br\/noticia\/wp-json\/wp\/v2\/posts\/209903","targetHints":{"allow":["GET"]}}],"collection":[{"href":"https:\/\/migracao.redenoticia.com.br\/noticia\/wp-json\/wp\/v2\/posts"}],"about":[{"href":"https:\/\/migracao.redenoticia.com.br\/noticia\/wp-json\/wp\/v2\/types\/post"}],"author":[{"embeddable":true,"href":"https:\/\/migracao.redenoticia.com.br\/noticia\/wp-json\/wp\/v2\/users\/2"}],"replies":[{"embeddable":true,"href":"https:\/\/migracao.redenoticia.com.br\/noticia\/wp-json\/wp\/v2\/comments?post=209903"}],"version-history":[{"count":0,"href":"https:\/\/migracao.redenoticia.com.br\/noticia\/wp-json\/wp\/v2\/posts\/209903\/revisions"}],"wp:featuredmedia":[{"embeddable":true,"href":"https:\/\/migracao.redenoticia.com.br\/noticia\/wp-json\/wp\/v2\/media\/206133"}],"wp:attachment":[{"href":"https:\/\/migracao.redenoticia.com.br\/noticia\/wp-json\/wp\/v2\/media?parent=209903"}],"wp:term":[{"taxonomy":"category","embeddable":true,"href":"https:\/\/migracao.redenoticia.com.br\/noticia\/wp-json\/wp\/v2\/categories?post=209903"},{"taxonomy":"post_tag","embeddable":true,"href":"https:\/\/migracao.redenoticia.com.br\/noticia\/wp-json\/wp\/v2\/tags?post=209903"}],"curies":[{"name":"wp","href":"https:\/\/api.w.org\/{rel}","templated":true}]}}