{"id":209917,"date":"2021-08-30T17:10:44","date_gmt":"2021-08-30T20:10:44","guid":{"rendered":"https:\/\/www.redenoticia.com.br\/noticia\/?p=209917"},"modified":"2021-08-30T17:10:44","modified_gmt":"2021-08-30T20:10:44","slug":"resumo-coracao-indomavel-31-08-doris-ameaca-maria-alessandra-com-um-revolver","status":"publish","type":"post","link":"https:\/\/migracao.redenoticia.com.br\/noticia\/2021\/resumo-coracao-indomavel-31-08-doris-ameaca-maria-alessandra-com-um-revolver\/209917","title":{"rendered":"Resumo &#8220;Cora\u00e7\u00e3o Indom\u00e1vel&#8221; 31\/08: Doris amea\u00e7a Maria Alessandra com um rev\u00f3lver"},"content":{"rendered":"<p><img loading=\"lazy\" decoding=\"async\" class=\"aligncenter size-full wp-image-206134\" src=\"https:\/\/migracao.redenoticia.com.br\/noticia\/imagens\/coracao-indomavel-resumo-novela-elenco.jpeg\" alt=\"\" width=\"1280\" height=\"720\" srcset=\"https:\/\/migracao.redenoticia.com.br\/noticia\/imagens\/coracao-indomavel-resumo-novela-elenco.jpeg 1280w, https:\/\/migracao.redenoticia.com.br\/noticia\/imagens\/coracao-indomavel-resumo-novela-elenco-250x140.jpeg 250w, https:\/\/migracao.redenoticia.com.br\/noticia\/imagens\/coracao-indomavel-resumo-novela-elenco-400x225.jpeg 400w, https:\/\/migracao.redenoticia.com.br\/noticia\/imagens\/coracao-indomavel-resumo-novela-elenco-768x432.jpeg 768w, https:\/\/migracao.redenoticia.com.br\/noticia\/imagens\/coracao-indomavel-resumo-novela-elenco-150x85.jpeg 150w\" sizes=\"auto, (max-width: 1280px) 100vw, 1280px\" \/><\/p>\n<p><strong><em>Resumo da novela &#8220;Cora\u00e7\u00e3o Indom\u00e1vel&#8221;<\/em><\/strong> em 31\/08: no cap\u00edtulo 071(*) da novela, Maria Alessandra diz ao governador que Ot\u00e1vio j\u00e1 n\u00e3o a interessa. Aracely diz a Ot\u00e1vio que Eduardo se juntou a uma opera\u00e7\u00e3o de resgate para encontr\u00e1-lo. Ot\u00e1vio pergunta a Eduardo com quem ele realizou as buscas. Santa pergunta a Urbana se \u00e9 verdade que Esther ficou louca, e o culpado \u00e9 Jos\u00e9 Antonio. Ot\u00e1vio diz a Eduardo que estava iludido pensando que Maricruz tinha se juntado a ele em sua busca, e pede para ver sua filha. No hospital, Lucia, desesperada, diz a Simone que foi ela quem mandou incendiar a cabana de Maricruz.<\/p>\n<p>A enfermeira informa a Lucia que Miguelzinho saiu bem da opera\u00e7\u00e3o. Por telefone, Lucia informa a boa not\u00edcia a Miguel. No realengo, Ofelia encontra Esther cavando um po\u00e7o, e ela diz que jamais voltar\u00e1 \u00e0 fazenda, pois ela est\u00e1 dentro da \u201cmaldi\u00e7\u00e3o de Maricruz\u201d. Maricruz leva Lupita para ver Ot\u00e1vio. Amador diz a Esther que ela na verdade est\u00e1 cavando um po\u00e7o para encontrar ouro. No quarto de Ot\u00e1vio no hospital, Doris e Maricruz discutem, Ot\u00e1vio pede para Doris sair. Esther discute com Amador, Lina grita que Esther est\u00e1 louca. Maricruz diz a Ot\u00e1vio que jamais o perdoar\u00e1 pelo sofrimento pelo qual a fez passar.<\/p>\n<p>Mariana convence Doris a voltar para Ilha Dourada. Ofelia diz a Jos\u00e9 Antonio que Esther perdeu a raz\u00e3o. Simone se oferece para ajudar Ot\u00e1vio economicamente e assim solucionar os problemas dos Narv\u00e1ez. Doris volta a visitar Ot\u00e1vio, e ele diz que n\u00e3o quer mais v\u00ea-la. Esther pede a Clorinda que leve Lina a sua cabana para dar-lhe de presente um vestido. Doris entra no escrit\u00f3rio de Maria Alessandra, e a amea\u00e7a com um rev\u00f3lver, desequilibrada ela diz que n\u00e3o deixar\u00e1 que Maria Alessandra se case com seu pai, e muito menos lhe roube Ot\u00e1vio.<\/p>\n<p>Esther oferece sua amizade a Lina. Maria Alessandra consegue desarmar Doris a for\u00e7a. Maria Alessandra diz ao governador que Doris a amea\u00e7ou de morte. Simone se oferece para ajudar Ot\u00e1vio a recuperar a fazenda, em troca de que n\u00e3o se case com Doris. Maria Alessandra entrega ao governador a arma de Doris, e o d\u00e1 um prazo para que se casem. O governador questiona Doris e ela confessa ter tentado matar Maria Alessandra. Doris e o governador discutem, e ele d\u00e1 um tapa na filha, em seguida a amea\u00e7a com a possibilidade de mand\u00e1-la para um manic\u00f4mio.<\/p>\n<p>(*) edi\u00e7\u00e3o das novelas do SBT, &#8220;Cora\u00e7\u00e3o Indom\u00e1vel&#8221;, sujeito a altera\u00e7\u00e3o de data e conte\u00fado.<\/p>\n<p>Sinopse &#8220;Cora\u00e7\u00e3o Indom\u00e1vel&#8221;: A novela conta a hist\u00f3ria da pobre Maricruz que, ap\u00f3s ter sido abandonada pelo marido, decide se vingar daqueles que a humilharam. Ela descobre ser filha de um homem rico, tornando-se uma mulher da alta sociedade.<\/p>\n","protected":false},"excerpt":{"rendered":"<p>Resumo da novela &#8220;Cora\u00e7\u00e3o Indom\u00e1vel&#8221; em 31\/08: no cap\u00edtulo 071(*) da novela, Maria Alessandra diz ao governador que Ot\u00e1vio j\u00e1 n\u00e3o a interessa. Aracely diz a Ot\u00e1vio que Eduardo se juntou a uma opera\u00e7\u00e3o de resgate para encontr\u00e1-lo. Ot\u00e1vio pergunta a Eduardo com quem ele realizou as buscas. Santa pergunta a Urbana se \u00e9 verdade [&hellip;]<\/p>\n","protected":false},"author":4,"featured_media":206133,"comment_status":"closed","ping_status":"closed","sticky":false,"template":"","format":"standard","meta":{"tdm_status":"","tdm_grid_status":"","footnotes":""},"categories":[2200,379,2025,372,343],"tags":[441],"class_list":{"0":"post-209917","1":"post","2":"type-post","3":"status-publish","4":"format-standard","5":"has-post-thumbnail","7":"category-coracao-indomavel","8":"category-novelas","9":"category-resumo","10":"category-sbt","11":"category-televisao","12":"tag-resumo-do-dia"},"_links":{"self":[{"href":"https:\/\/migracao.redenoticia.com.br\/noticia\/wp-json\/wp\/v2\/posts\/209917","targetHints":{"allow":["GET"]}}],"collection":[{"href":"https:\/\/migracao.redenoticia.com.br\/noticia\/wp-json\/wp\/v2\/posts"}],"about":[{"href":"https:\/\/migracao.redenoticia.com.br\/noticia\/wp-json\/wp\/v2\/types\/post"}],"author":[{"embeddable":true,"href":"https:\/\/migracao.redenoticia.com.br\/noticia\/wp-json\/wp\/v2\/users\/4"}],"replies":[{"embeddable":true,"href":"https:\/\/migracao.redenoticia.com.br\/noticia\/wp-json\/wp\/v2\/comments?post=209917"}],"version-history":[{"count":0,"href":"https:\/\/migracao.redenoticia.com.br\/noticia\/wp-json\/wp\/v2\/posts\/209917\/revisions"}],"wp:featuredmedia":[{"embeddable":true,"href":"https:\/\/migracao.redenoticia.com.br\/noticia\/wp-json\/wp\/v2\/media\/206133"}],"wp:attachment":[{"href":"https:\/\/migracao.redenoticia.com.br\/noticia\/wp-json\/wp\/v2\/media?parent=209917"}],"wp:term":[{"taxonomy":"category","embeddable":true,"href":"https:\/\/migracao.redenoticia.com.br\/noticia\/wp-json\/wp\/v2\/categories?post=209917"},{"taxonomy":"post_tag","embeddable":true,"href":"https:\/\/migracao.redenoticia.com.br\/noticia\/wp-json\/wp\/v2\/tags?post=209917"}],"curies":[{"name":"wp","href":"https:\/\/api.w.org\/{rel}","templated":true}]}}