{"id":209960,"date":"2021-08-31T12:04:15","date_gmt":"2021-08-31T15:04:15","guid":{"rendered":"https:\/\/www.redenoticia.com.br\/noticia\/?p=209960"},"modified":"2021-08-31T12:04:15","modified_gmt":"2021-08-31T15:04:15","slug":"resumo-imperio-01-09-maria-marta-confirma-que-jose-alfredo-esta-enterrado","status":"publish","type":"post","link":"https:\/\/migracao.redenoticia.com.br\/noticia\/2021\/resumo-imperio-01-09-maria-marta-confirma-que-jose-alfredo-esta-enterrado\/209960","title":{"rendered":"Resumo \u201cImp\u00e9rio\u201d 01\/09: Maria Marta confirma que Jos\u00e9 Alfredo est\u00e1 enterrado"},"content":{"rendered":"<p><img loading=\"lazy\" decoding=\"async\" class=\"aligncenter size-full wp-image-205063\" src=\"https:\/\/migracao.redenoticia.com.br\/noticia\/imagens\/novela-imperio-resumo-elenco.jpeg\" alt=\"\" width=\"1280\" height=\"720\" srcset=\"https:\/\/migracao.redenoticia.com.br\/noticia\/imagens\/novela-imperio-resumo-elenco.jpeg 1280w, https:\/\/migracao.redenoticia.com.br\/noticia\/imagens\/novela-imperio-resumo-elenco-250x140.jpeg 250w, https:\/\/migracao.redenoticia.com.br\/noticia\/imagens\/novela-imperio-resumo-elenco-400x225.jpeg 400w, https:\/\/migracao.redenoticia.com.br\/noticia\/imagens\/novela-imperio-resumo-elenco-768x432.jpeg 768w, https:\/\/migracao.redenoticia.com.br\/noticia\/imagens\/novela-imperio-resumo-elenco-150x85.jpeg 150w\" sizes=\"auto, (max-width: 1280px) 100vw, 1280px\" \/><\/p>\n<p><em><strong>Resumo novela \u201cImp\u00e9rio\u201d<\/strong><\/em> em 01\/09: no cap\u00edtulo 123(*) da novela, Maur\u00edlio afirma a Maria Marta que ficar\u00e1 no quarto de Jos\u00e9 Alfredo. Maria Clara confidencia a Vicente que acredita que seu pai esteja vivo. Cora decide investigar o bar de Manoel. Nan\u00e1 se despede de Luciano e observa o menino seguir com os pais adotivos. Maur\u00edlio recebe um telefonema misterioso. Salvador conta para Vicente que fez um quadro para Helena. T\u00e9o reclama das excentricidades de Magn\u00f3lia e Severo. Maria Clara ouve Cristina falando com Patr\u00edcio.<\/p>\n<p>Xana desmaia ao saber que Luciano foi adotado. Carmem reclama por Jonas ter contratado \u00c9rika para divulgar o leil\u00e3o de Salvador. T\u00e9o exige que Maur\u00edlio obrigue Maria Marta a lhe dar uma entrevista. Jos\u00e9 Pedro rouba o diamante cor-de-rosa de Jo\u00e3o Lucas. Patr\u00edcio enfrenta Maria Clara. Maria Marta vai com Brigel ao cemit\u00e9rio. Josu\u00e9 e Moacyr colocam um cad\u00e1ver no caix\u00e3o de Jos\u00e9 Alfredo. Nan\u00e1 tenta consolar Xana. Maria Isis ouve Felipe falando com Enrico sobre a sabotagem feita no restaurante de Vicente. Maria Marta confirma que Jos\u00e9 Alfredo est\u00e1 enterrado.<\/p>\n<p>(*) edi\u00e7\u00e3o das novelas da Globo, \u201cImp\u00e9rio\u201d, sujeito a altera\u00e7\u00e3o de data e conte\u00fado.<\/p>\n<p>Sinopse Novela &#8220;Imp\u00e9rio&#8221;: hist\u00f3ria do pernambucano Jos\u00e9 Alfredo de Medeiros (Chay Suede\/Alexandre Nero), o homem de preto. Dono de uma rede de joalherias, o Comendador tem tr\u00eas filhos com a aristocrata falida Maria Marta Mendon\u00e7a e Albuquerque (Adriana Birolli\/Lilia Cabral): Jos\u00e9 Pedro (Caio Blat), Maria Clara (Andreia Horta) e Jo\u00e3o Lucas (Daniel Rocha). Os tr\u00eas disputam a heran\u00e7a da empresa constru\u00edda pelo pai.<\/p>\n","protected":false},"excerpt":{"rendered":"<p>Resumo novela \u201cImp\u00e9rio\u201d em 01\/09: no cap\u00edtulo 123(*) da novela, Maur\u00edlio afirma a Maria Marta que ficar\u00e1 no quarto de Jos\u00e9 Alfredo. Maria Clara confidencia a Vicente que acredita que seu pai esteja vivo. Cora decide investigar o bar de Manoel. Nan\u00e1 se despede de Luciano e observa o menino seguir com os pais adotivos. [&hellip;]<\/p>\n","protected":false},"author":4,"featured_media":205061,"comment_status":"closed","ping_status":"closed","sticky":false,"template":"","format":"standard","meta":{"tdm_status":"","tdm_grid_status":"","footnotes":""},"categories":[2196,379,375,2025,343],"tags":[441],"class_list":{"0":"post-209960","1":"post","2":"type-post","3":"status-publish","4":"format-standard","5":"has-post-thumbnail","7":"category-imperio","8":"category-novelas","9":"category-rede-globo","10":"category-resumo","11":"category-televisao","12":"tag-resumo-do-dia"},"_links":{"self":[{"href":"https:\/\/migracao.redenoticia.com.br\/noticia\/wp-json\/wp\/v2\/posts\/209960","targetHints":{"allow":["GET"]}}],"collection":[{"href":"https:\/\/migracao.redenoticia.com.br\/noticia\/wp-json\/wp\/v2\/posts"}],"about":[{"href":"https:\/\/migracao.redenoticia.com.br\/noticia\/wp-json\/wp\/v2\/types\/post"}],"author":[{"embeddable":true,"href":"https:\/\/migracao.redenoticia.com.br\/noticia\/wp-json\/wp\/v2\/users\/4"}],"replies":[{"embeddable":true,"href":"https:\/\/migracao.redenoticia.com.br\/noticia\/wp-json\/wp\/v2\/comments?post=209960"}],"version-history":[{"count":0,"href":"https:\/\/migracao.redenoticia.com.br\/noticia\/wp-json\/wp\/v2\/posts\/209960\/revisions"}],"wp:featuredmedia":[{"embeddable":true,"href":"https:\/\/migracao.redenoticia.com.br\/noticia\/wp-json\/wp\/v2\/media\/205061"}],"wp:attachment":[{"href":"https:\/\/migracao.redenoticia.com.br\/noticia\/wp-json\/wp\/v2\/media?parent=209960"}],"wp:term":[{"taxonomy":"category","embeddable":true,"href":"https:\/\/migracao.redenoticia.com.br\/noticia\/wp-json\/wp\/v2\/categories?post=209960"},{"taxonomy":"post_tag","embeddable":true,"href":"https:\/\/migracao.redenoticia.com.br\/noticia\/wp-json\/wp\/v2\/tags?post=209960"}],"curies":[{"name":"wp","href":"https:\/\/api.w.org\/{rel}","templated":true}]}}