{"id":210005,"date":"2021-09-01T13:29:39","date_gmt":"2021-09-01T16:29:39","guid":{"rendered":"https:\/\/www.redenoticia.com.br\/noticia\/?p=210005"},"modified":"2021-09-01T13:29:39","modified_gmt":"2021-09-01T16:29:39","slug":"resumo-chiquititas-02-09-neco-passeia-pela-rua-com-lucia","status":"publish","type":"post","link":"https:\/\/migracao.redenoticia.com.br\/noticia\/2021\/resumo-chiquititas-02-09-neco-passeia-pela-rua-com-lucia\/210005","title":{"rendered":"Resumo \u201cChiquititas\u201d 02\/09: Neco passeia pela rua com L\u00facia"},"content":{"rendered":"<p><img loading=\"lazy\" decoding=\"async\" class=\"aligncenter size-full wp-image-195897\" src=\"https:\/\/migracao.redenoticia.com.br\/noticia\/imagens\/chiquititas-resumo-sinopse.jpg\" alt=\"\" width=\"1280\" height=\"720\" srcset=\"https:\/\/migracao.redenoticia.com.br\/noticia\/imagens\/chiquititas-resumo-sinopse.jpg 1280w, https:\/\/migracao.redenoticia.com.br\/noticia\/imagens\/chiquititas-resumo-sinopse-250x140.jpg 250w, https:\/\/migracao.redenoticia.com.br\/noticia\/imagens\/chiquititas-resumo-sinopse-400x225.jpg 400w, https:\/\/migracao.redenoticia.com.br\/noticia\/imagens\/chiquititas-resumo-sinopse-768x432.jpg 768w, https:\/\/migracao.redenoticia.com.br\/noticia\/imagens\/chiquititas-resumo-sinopse-150x85.jpg 150w, https:\/\/migracao.redenoticia.com.br\/noticia\/imagens\/chiquititas-resumo-sinopse-696x392.jpg 696w, https:\/\/migracao.redenoticia.com.br\/noticia\/imagens\/chiquititas-resumo-sinopse-1068x601.jpg 1068w\" sizes=\"auto, (max-width: 1280px) 100vw, 1280px\" \/><\/p>\n<p><strong><em>Resumo da novela \u201cChiquititas\u201d<\/em><\/strong> em 02\/09: no cap\u00edtulo 328(*) da novela, na escola, Vivi pede desculpa para Tati pelas coisas que havia dito. Tati diz que est\u00e1 magoada. Marian finge bondade e pede desculpa para Mili e Bia. A garota diz que est\u00e1 decidida a mudar. Bel presenteia Rafa com uma foto dos dois. Beto pensa em terminar o namoro com Tamires, mas n\u00e3o tem coragem, pois a garota come\u00e7a a chorar com saudade de Tobias. Thiago e Binho avisam Rafa que haver\u00e1 um treino de futebol com o jogador Robson Nunes. Edgard vai at\u00e9 o orfanato conversar com Bia. Ele conta que o pai de Bia est\u00e1 atr\u00e1s dela.<\/p>\n<p>Edgard pede para a chiquitita viajar com ele por uns dias para que o pai dela n\u00e3o a encontre. Junior vai com Dani e Diego at\u00e9 o Caf\u00e9 Boutique. O professor apresenta Robson Nunes para os meninos, que ficam felizes com o treino diferente. Binho pede para o jogador autografar sua camiseta. Gabriela conta para Mili que est\u00e1 pensando em adotar Maria. Cartazes est\u00e3o espalhados pela rua com a foto de L\u00facia, dizendo que a menina est\u00e1 sendo procurada. Neco passeia pela rua com L\u00facia. Cintia diz que conseguiu para Vivi uma sess\u00e3o de fotos para uma revista. Robson aparta uma discuss\u00e3o entre Janj\u00e3o e Andr\u00e9 no treino.<\/p>\n<p>(*) edi\u00e7\u00e3o das novelas do SBT, \u201cChiquititas\u201d, sujeito a altera\u00e7\u00e3o de data e conte\u00fado.<\/p>\n","protected":false},"excerpt":{"rendered":"<p>Resumo da novela \u201cChiquititas\u201d em 02\/09: no cap\u00edtulo 328(*) da novela, na escola, Vivi pede desculpa para Tati pelas coisas que havia dito. Tati diz que est\u00e1 magoada. Marian finge bondade e pede desculpa para Mili e Bia. A garota diz que est\u00e1 decidida a mudar. Bel presenteia Rafa com uma foto dos dois. Beto [&hellip;]<\/p>\n","protected":false},"author":4,"featured_media":195894,"comment_status":"closed","ping_status":"closed","sticky":false,"template":"","format":"standard","meta":{"tdm_status":"","tdm_grid_status":"","footnotes":""},"categories":[409,379,2025,372,343],"tags":[441],"class_list":{"0":"post-210005","1":"post","2":"type-post","3":"status-publish","4":"format-standard","5":"has-post-thumbnail","7":"category-chiquititas","8":"category-novelas","9":"category-resumo","10":"category-sbt","11":"category-televisao","12":"tag-resumo-do-dia"},"_links":{"self":[{"href":"https:\/\/migracao.redenoticia.com.br\/noticia\/wp-json\/wp\/v2\/posts\/210005","targetHints":{"allow":["GET"]}}],"collection":[{"href":"https:\/\/migracao.redenoticia.com.br\/noticia\/wp-json\/wp\/v2\/posts"}],"about":[{"href":"https:\/\/migracao.redenoticia.com.br\/noticia\/wp-json\/wp\/v2\/types\/post"}],"author":[{"embeddable":true,"href":"https:\/\/migracao.redenoticia.com.br\/noticia\/wp-json\/wp\/v2\/users\/4"}],"replies":[{"embeddable":true,"href":"https:\/\/migracao.redenoticia.com.br\/noticia\/wp-json\/wp\/v2\/comments?post=210005"}],"version-history":[{"count":0,"href":"https:\/\/migracao.redenoticia.com.br\/noticia\/wp-json\/wp\/v2\/posts\/210005\/revisions"}],"wp:featuredmedia":[{"embeddable":true,"href":"https:\/\/migracao.redenoticia.com.br\/noticia\/wp-json\/wp\/v2\/media\/195894"}],"wp:attachment":[{"href":"https:\/\/migracao.redenoticia.com.br\/noticia\/wp-json\/wp\/v2\/media?parent=210005"}],"wp:term":[{"taxonomy":"category","embeddable":true,"href":"https:\/\/migracao.redenoticia.com.br\/noticia\/wp-json\/wp\/v2\/categories?post=210005"},{"taxonomy":"post_tag","embeddable":true,"href":"https:\/\/migracao.redenoticia.com.br\/noticia\/wp-json\/wp\/v2\/tags?post=210005"}],"curies":[{"name":"wp","href":"https:\/\/api.w.org\/{rel}","templated":true}]}}