{"id":210015,"date":"2021-09-01T13:35:43","date_gmt":"2021-09-01T16:35:43","guid":{"rendered":"https:\/\/www.redenoticia.com.br\/noticia\/?p=210015"},"modified":"2021-09-01T13:35:43","modified_gmt":"2021-09-01T16:35:43","slug":"resumo-imperio-02-09-maurilio-toma-posse-do-quarto-do-comendador","status":"publish","type":"post","link":"https:\/\/migracao.redenoticia.com.br\/noticia\/2021\/resumo-imperio-02-09-maurilio-toma-posse-do-quarto-do-comendador\/210015","title":{"rendered":"Resumo \u201cImp\u00e9rio\u201d 02\/09: Maur\u00edlio toma posse do quarto do Comendador"},"content":{"rendered":"<p><img loading=\"lazy\" decoding=\"async\" class=\"aligncenter size-full wp-image-205063\" src=\"https:\/\/migracao.redenoticia.com.br\/noticia\/imagens\/novela-imperio-resumo-elenco.jpeg\" alt=\"\" width=\"1280\" height=\"720\" srcset=\"https:\/\/migracao.redenoticia.com.br\/noticia\/imagens\/novela-imperio-resumo-elenco.jpeg 1280w, https:\/\/migracao.redenoticia.com.br\/noticia\/imagens\/novela-imperio-resumo-elenco-250x140.jpeg 250w, https:\/\/migracao.redenoticia.com.br\/noticia\/imagens\/novela-imperio-resumo-elenco-400x225.jpeg 400w, https:\/\/migracao.redenoticia.com.br\/noticia\/imagens\/novela-imperio-resumo-elenco-768x432.jpeg 768w, https:\/\/migracao.redenoticia.com.br\/noticia\/imagens\/novela-imperio-resumo-elenco-150x85.jpeg 150w\" sizes=\"auto, (max-width: 1280px) 100vw, 1280px\" \/><\/p>\n<p><em><strong>Resumo novela \u201cImp\u00e9rio\u201d<\/strong><\/em> em 02\/09: no cap\u00edtulo 124(*) da novela, Jos\u00e9 Alfredo pede para Maria Isis n\u00e3o contar a Vicente o que descobriu. Manoel arma um plano para enganar Cora. Maria Marta entrega os fios de cabelo que pegou no cemit\u00e9rio para Merival. Jos\u00e9 Pedro comenta com Amanda sobre a chantagem de Danielle. T\u00e9o promete vingan\u00e7a contra Enrico. Cora segue Manoel e fica furiosa ao descobrir que foi enganada. Cristina fica decepcionada com os desenhos de Patr\u00edcio. Xana lamenta por ter perdido Luciano.<\/p>\n<p>Carmem e Orville escondem de Helena as obras de Salvador. Maria Marta avisa que Amanda pode desenhar a nova cole\u00e7\u00e3o para a joalheria Imp\u00e9rio. Orientada por Jos\u00e9 Alfredo, Maria Isis conta para Cl\u00e1udio sobre a conversa entre Felipe e Enrico. Jos\u00e9 Pedro amea\u00e7a Patr\u00edcio e rouba o diamante cor-de-rosa de Maria Clara. Cl\u00e1udio arma uma armadilha para Felipe. Chega o resultado do exame de DNA do corpo de Jos\u00e9 Alfredo. Maur\u00edlio toma posse do quarto do Comendador.<\/p>\n<p>(*) edi\u00e7\u00e3o das novelas da Globo, \u201cImp\u00e9rio\u201d, sujeito a altera\u00e7\u00e3o de data e conte\u00fado.<\/p>\n<p>Sinopse Novela &#8220;Imp\u00e9rio&#8221;: hist\u00f3ria do pernambucano Jos\u00e9 Alfredo de Medeiros (Chay Suede\/Alexandre Nero), o homem de preto. Dono de uma rede de joalherias, o Comendador tem tr\u00eas filhos com a aristocrata falida Maria Marta Mendon\u00e7a e Albuquerque (Adriana Birolli\/Lilia Cabral): Jos\u00e9 Pedro (Caio Blat), Maria Clara (Andreia Horta) e Jo\u00e3o Lucas (Daniel Rocha). Os tr\u00eas disputam a heran\u00e7a da empresa constru\u00edda pelo pai.<\/p>\n","protected":false},"excerpt":{"rendered":"<p>Resumo novela \u201cImp\u00e9rio\u201d em 02\/09: no cap\u00edtulo 124(*) da novela, Jos\u00e9 Alfredo pede para Maria Isis n\u00e3o contar a Vicente o que descobriu. Manoel arma um plano para enganar Cora. Maria Marta entrega os fios de cabelo que pegou no cemit\u00e9rio para Merival. Jos\u00e9 Pedro comenta com Amanda sobre a chantagem de Danielle. T\u00e9o promete [&hellip;]<\/p>\n","protected":false},"author":4,"featured_media":205061,"comment_status":"closed","ping_status":"closed","sticky":false,"template":"","format":"standard","meta":{"tdm_status":"","tdm_grid_status":"","footnotes":""},"categories":[2196,379,375,2025,343],"tags":[441],"class_list":{"0":"post-210015","1":"post","2":"type-post","3":"status-publish","4":"format-standard","5":"has-post-thumbnail","7":"category-imperio","8":"category-novelas","9":"category-rede-globo","10":"category-resumo","11":"category-televisao","12":"tag-resumo-do-dia"},"_links":{"self":[{"href":"https:\/\/migracao.redenoticia.com.br\/noticia\/wp-json\/wp\/v2\/posts\/210015","targetHints":{"allow":["GET"]}}],"collection":[{"href":"https:\/\/migracao.redenoticia.com.br\/noticia\/wp-json\/wp\/v2\/posts"}],"about":[{"href":"https:\/\/migracao.redenoticia.com.br\/noticia\/wp-json\/wp\/v2\/types\/post"}],"author":[{"embeddable":true,"href":"https:\/\/migracao.redenoticia.com.br\/noticia\/wp-json\/wp\/v2\/users\/4"}],"replies":[{"embeddable":true,"href":"https:\/\/migracao.redenoticia.com.br\/noticia\/wp-json\/wp\/v2\/comments?post=210015"}],"version-history":[{"count":0,"href":"https:\/\/migracao.redenoticia.com.br\/noticia\/wp-json\/wp\/v2\/posts\/210015\/revisions"}],"wp:featuredmedia":[{"embeddable":true,"href":"https:\/\/migracao.redenoticia.com.br\/noticia\/wp-json\/wp\/v2\/media\/205061"}],"wp:attachment":[{"href":"https:\/\/migracao.redenoticia.com.br\/noticia\/wp-json\/wp\/v2\/media?parent=210015"}],"wp:term":[{"taxonomy":"category","embeddable":true,"href":"https:\/\/migracao.redenoticia.com.br\/noticia\/wp-json\/wp\/v2\/categories?post=210015"},{"taxonomy":"post_tag","embeddable":true,"href":"https:\/\/migracao.redenoticia.com.br\/noticia\/wp-json\/wp\/v2\/tags?post=210015"}],"curies":[{"name":"wp","href":"https:\/\/api.w.org\/{rel}","templated":true}]}}