{"id":210051,"date":"2021-09-02T13:59:38","date_gmt":"2021-09-02T16:59:38","guid":{"rendered":"https:\/\/www.redenoticia.com.br\/noticia\/?p=210051"},"modified":"2021-09-02T13:59:38","modified_gmt":"2021-09-02T16:59:38","slug":"resumo-imperio-03-09-jose-pedro-encontra-o-diamante-cor-de-rosa-de-cristina","status":"publish","type":"post","link":"https:\/\/migracao.redenoticia.com.br\/noticia\/2021\/resumo-imperio-03-09-jose-pedro-encontra-o-diamante-cor-de-rosa-de-cristina\/210051","title":{"rendered":"Resumo \u201cImp\u00e9rio\u201d 03\/09: Jos\u00e9 Pedro encontra o diamante cor-de-rosa de Cristina"},"content":{"rendered":"<p><img loading=\"lazy\" decoding=\"async\" class=\"aligncenter size-full wp-image-205063\" src=\"https:\/\/migracao.redenoticia.com.br\/noticia\/imagens\/novela-imperio-resumo-elenco.jpeg\" alt=\"\" width=\"1280\" height=\"720\" srcset=\"https:\/\/migracao.redenoticia.com.br\/noticia\/imagens\/novela-imperio-resumo-elenco.jpeg 1280w, https:\/\/migracao.redenoticia.com.br\/noticia\/imagens\/novela-imperio-resumo-elenco-250x140.jpeg 250w, https:\/\/migracao.redenoticia.com.br\/noticia\/imagens\/novela-imperio-resumo-elenco-400x225.jpeg 400w, https:\/\/migracao.redenoticia.com.br\/noticia\/imagens\/novela-imperio-resumo-elenco-768x432.jpeg 768w, https:\/\/migracao.redenoticia.com.br\/noticia\/imagens\/novela-imperio-resumo-elenco-150x85.jpeg 150w\" sizes=\"auto, (max-width: 1280px) 100vw, 1280px\" \/><\/p>\n<p><em><strong>Resumo novela \u201cImp\u00e9rio\u201d<\/strong><\/em> em 03\/09: no cap\u00edtulo 125(*) da novela, Maria Clara, Jos\u00e9 Pedro e Jo\u00e3o Lucas hostilizam Maur\u00edlio. Maria Marta confirma a morte de Jos\u00e9 Alfredo. Maur\u00edlio explica para Clara\u00edde e Silviano as novas regras da casa. Cl\u00e1udio e Beatriz ridicularizam o convite para a festa de anivers\u00e1rio de Magn\u00f3lia e Severo. Enrico garante a Felipe que acabar\u00e1 com a reputa\u00e7\u00e3o de Vicente. Manoel leva Cora para ver o dep\u00f3sito de bebida de seu bar. Jurema sonha novamente com Jairo. X\u00eania combina com Pietra sua vingan\u00e7a contra Juliane.<\/p>\n<p>Leonardo convida Amanda para representar Maria Marta na escola de samba. Maria Marta conta para Cora o resultado da exuma\u00e7\u00e3o. Orville fala mal de Helena para Salvador. Jos\u00e9 Pedro manipula Cora e encontra o diamante cor-de-rosa de Cristina. Luciano foge da casa dos pais adotivos e vai atr\u00e1s de Xana. Arnold\u00e3o aconselha Xana a devolver Luciano. Cristina percebe que o esconderijo de sua pedra foi alterado e pergunta a Cora por seu diamante.<\/p>\n<p>(*) edi\u00e7\u00e3o das novelas da Globo, \u201cImp\u00e9rio\u201d, sujeito a altera\u00e7\u00e3o de data e conte\u00fado.<\/p>\n<p>Sinopse Novela &#8220;Imp\u00e9rio&#8221;: hist\u00f3ria do pernambucano Jos\u00e9 Alfredo de Medeiros (Chay Suede\/Alexandre Nero), o homem de preto. Dono de uma rede de joalherias, o Comendador tem tr\u00eas filhos com a aristocrata falida Maria Marta Mendon\u00e7a e Albuquerque (Adriana Birolli\/Lilia Cabral): Jos\u00e9 Pedro (Caio Blat), Maria Clara (Andreia Horta) e Jo\u00e3o Lucas (Daniel Rocha). Os tr\u00eas disputam a heran\u00e7a da empresa constru\u00edda pelo pai.<\/p>\n","protected":false},"excerpt":{"rendered":"<p>Resumo novela \u201cImp\u00e9rio\u201d em 03\/09: no cap\u00edtulo 125(*) da novela, Maria Clara, Jos\u00e9 Pedro e Jo\u00e3o Lucas hostilizam Maur\u00edlio. Maria Marta confirma a morte de Jos\u00e9 Alfredo. Maur\u00edlio explica para Clara\u00edde e Silviano as novas regras da casa. Cl\u00e1udio e Beatriz ridicularizam o convite para a festa de anivers\u00e1rio de Magn\u00f3lia e Severo. Enrico garante [&hellip;]<\/p>\n","protected":false},"author":4,"featured_media":205061,"comment_status":"closed","ping_status":"closed","sticky":false,"template":"","format":"standard","meta":{"tdm_status":"","tdm_grid_status":"","footnotes":""},"categories":[2196,379,375,2025,343],"tags":[441],"class_list":{"0":"post-210051","1":"post","2":"type-post","3":"status-publish","4":"format-standard","5":"has-post-thumbnail","7":"category-imperio","8":"category-novelas","9":"category-rede-globo","10":"category-resumo","11":"category-televisao","12":"tag-resumo-do-dia"},"_links":{"self":[{"href":"https:\/\/migracao.redenoticia.com.br\/noticia\/wp-json\/wp\/v2\/posts\/210051","targetHints":{"allow":["GET"]}}],"collection":[{"href":"https:\/\/migracao.redenoticia.com.br\/noticia\/wp-json\/wp\/v2\/posts"}],"about":[{"href":"https:\/\/migracao.redenoticia.com.br\/noticia\/wp-json\/wp\/v2\/types\/post"}],"author":[{"embeddable":true,"href":"https:\/\/migracao.redenoticia.com.br\/noticia\/wp-json\/wp\/v2\/users\/4"}],"replies":[{"embeddable":true,"href":"https:\/\/migracao.redenoticia.com.br\/noticia\/wp-json\/wp\/v2\/comments?post=210051"}],"version-history":[{"count":0,"href":"https:\/\/migracao.redenoticia.com.br\/noticia\/wp-json\/wp\/v2\/posts\/210051\/revisions"}],"wp:featuredmedia":[{"embeddable":true,"href":"https:\/\/migracao.redenoticia.com.br\/noticia\/wp-json\/wp\/v2\/media\/205061"}],"wp:attachment":[{"href":"https:\/\/migracao.redenoticia.com.br\/noticia\/wp-json\/wp\/v2\/media?parent=210051"}],"wp:term":[{"taxonomy":"category","embeddable":true,"href":"https:\/\/migracao.redenoticia.com.br\/noticia\/wp-json\/wp\/v2\/categories?post=210051"},{"taxonomy":"post_tag","embeddable":true,"href":"https:\/\/migracao.redenoticia.com.br\/noticia\/wp-json\/wp\/v2\/tags?post=210051"}],"curies":[{"name":"wp","href":"https:\/\/api.w.org\/{rel}","templated":true}]}}