{"id":210081,"date":"2021-09-05T12:10:51","date_gmt":"2021-09-05T15:10:51","guid":{"rendered":"https:\/\/www.redenoticia.com.br\/noticia\/?p=210081"},"modified":"2021-09-05T17:26:37","modified_gmt":"2021-09-05T20:26:37","slug":"novela-malhacao-sonhos-06-09-karina-golpeia-fortemente-pedro","status":"publish","type":"post","link":"https:\/\/migracao.redenoticia.com.br\/noticia\/2021\/novela-malhacao-sonhos-06-09-karina-golpeia-fortemente-pedro\/210081","title":{"rendered":"Novela &#8220;Malha\u00e7\u00e3o&#8221; Sonhos 06\/09: Karina golpeia fortemente Pedro"},"content":{"rendered":"<p><img loading=\"lazy\" decoding=\"async\" class=\"aligncenter size-full wp-image-202688\" src=\"https:\/\/migracao.redenoticia.com.br\/noticia\/imagens\/malhacao-sonhos-elenco-protagonistas.jpg\" alt=\"\" width=\"1280\" height=\"720\" srcset=\"https:\/\/migracao.redenoticia.com.br\/noticia\/imagens\/malhacao-sonhos-elenco-protagonistas.jpg 1280w, https:\/\/migracao.redenoticia.com.br\/noticia\/imagens\/malhacao-sonhos-elenco-protagonistas-250x140.jpg 250w, https:\/\/migracao.redenoticia.com.br\/noticia\/imagens\/malhacao-sonhos-elenco-protagonistas-400x225.jpg 400w, https:\/\/migracao.redenoticia.com.br\/noticia\/imagens\/malhacao-sonhos-elenco-protagonistas-768x432.jpg 768w, https:\/\/migracao.redenoticia.com.br\/noticia\/imagens\/malhacao-sonhos-elenco-protagonistas-150x85.jpg 150w\" sizes=\"auto, (max-width: 1280px) 100vw, 1280px\" \/><\/p>\n<p><em><strong>Resumo da novela &#8220;Malha\u00e7\u00e3o&#8221; Sonhos<\/strong><\/em> em 06\/09: no cap\u00edtulo 160(*) da novela, Lob\u00e3o decide que Pedro enfrentar\u00e1 todos os lutadores da academia. Para proteger Pedro dos outros advers\u00e1rios, Karina golpeia fortemente o ex-namorado. Lucr\u00e9cia e Edgard parabenizam Jade pela interpreta\u00e7\u00e3o de Julieta. Pedro garante a Delma que voltar\u00e1 \u00e0 academia para ver Karina. Jade revela para Lucr\u00e9cia e Edgard todos os seus erros e, na presen\u00e7a de Cobra, afirma \u00e0 m\u00e3e que n\u00e3o voltar\u00e1 a ficar com o rapaz.<\/p>\n<p>Henrique conta para Heideguer que Duca est\u00e1 envolvido com Nat. Bianca se afasta da Ribalta e pede ajuda a Dandara para confortar Gael. Durante uma conversa com Nat, Heideguer amea\u00e7a prejudicar Duca. Jade se oferece para ajudar Bianca. Pedro volta \u00e0 Khan e Lob\u00e3o ordena que Luiz lute com o menino. Nando e a Galera da Ribalta chegam para ajudar Pedro.<\/p>\n<p>(*) edi\u00e7\u00e3o das novelas da Globo, \u201cMalha\u00e7\u00e3o\u201d Sonhos, sujeito a altera\u00e7\u00e3o de data e conte\u00fado.<\/p>\n<p>Sinopse Novela &#8220;Malha\u00e7\u00e3o&#8221; Sonhos: Formar campe\u00f5es e repassar os princ\u00edpios das artes marciais para os alunos s\u00e3o alguns dos sonhos de Gael (Eriberto Le\u00e3o). Duca (Arthur Aguiar) \u00e9 seu melhor atleta. Ele est\u00e1 sempre acompanhado dos amigos Z\u00e9 (Bruno Fraga) e Marc\u00e3o (Jean Amorim). Karina (Isabella Santoni), filha de Gael, n\u00e3o aceita que o pai s\u00f3 tenha olhos para Duca e treina para ser uma grande lutadora. A ca\u00e7ula do mestre \u00e9 apaixonada pelo disc\u00edpulo do pai e n\u00e3o sabe que ele e sua irm\u00e3, Bianca (Bruna Ham\u00fa), est\u00e3o prestes a assumir o namoro.<\/p>\n","protected":false},"excerpt":{"rendered":"<p>Resumo da novela &#8220;Malha\u00e7\u00e3o&#8221; Sonhos em 06\/09: no cap\u00edtulo 160(*) da novela, Lob\u00e3o decide que Pedro enfrentar\u00e1 todos os lutadores da academia. Para proteger Pedro dos outros advers\u00e1rios, Karina golpeia fortemente o ex-namorado. Lucr\u00e9cia e Edgard parabenizam Jade pela interpreta\u00e7\u00e3o de Julieta. Pedro garante a Delma que voltar\u00e1 \u00e0 academia para ver Karina. Jade revela [&hellip;]<\/p>\n","protected":false},"author":4,"featured_media":202687,"comment_status":"closed","ping_status":"closed","sticky":false,"template":"","format":"standard","meta":{"tdm_status":"","tdm_grid_status":"","footnotes":""},"categories":[447,379,375,2025,343],"tags":[441],"class_list":{"0":"post-210081","1":"post","2":"type-post","3":"status-publish","4":"format-standard","5":"has-post-thumbnail","7":"category-malhacao","8":"category-novelas","9":"category-rede-globo","10":"category-resumo","11":"category-televisao","12":"tag-resumo-do-dia"},"_links":{"self":[{"href":"https:\/\/migracao.redenoticia.com.br\/noticia\/wp-json\/wp\/v2\/posts\/210081","targetHints":{"allow":["GET"]}}],"collection":[{"href":"https:\/\/migracao.redenoticia.com.br\/noticia\/wp-json\/wp\/v2\/posts"}],"about":[{"href":"https:\/\/migracao.redenoticia.com.br\/noticia\/wp-json\/wp\/v2\/types\/post"}],"author":[{"embeddable":true,"href":"https:\/\/migracao.redenoticia.com.br\/noticia\/wp-json\/wp\/v2\/users\/4"}],"replies":[{"embeddable":true,"href":"https:\/\/migracao.redenoticia.com.br\/noticia\/wp-json\/wp\/v2\/comments?post=210081"}],"version-history":[{"count":0,"href":"https:\/\/migracao.redenoticia.com.br\/noticia\/wp-json\/wp\/v2\/posts\/210081\/revisions"}],"wp:featuredmedia":[{"embeddable":true,"href":"https:\/\/migracao.redenoticia.com.br\/noticia\/wp-json\/wp\/v2\/media\/202687"}],"wp:attachment":[{"href":"https:\/\/migracao.redenoticia.com.br\/noticia\/wp-json\/wp\/v2\/media?parent=210081"}],"wp:term":[{"taxonomy":"category","embeddable":true,"href":"https:\/\/migracao.redenoticia.com.br\/noticia\/wp-json\/wp\/v2\/categories?post=210081"},{"taxonomy":"post_tag","embeddable":true,"href":"https:\/\/migracao.redenoticia.com.br\/noticia\/wp-json\/wp\/v2\/tags?post=210081"}],"curies":[{"name":"wp","href":"https:\/\/api.w.org\/{rel}","templated":true}]}}