{"id":210089,"date":"2021-09-05T12:14:17","date_gmt":"2021-09-05T15:14:17","guid":{"rendered":"https:\/\/www.redenoticia.com.br\/noticia\/?p=210089"},"modified":"2021-09-05T17:27:03","modified_gmt":"2021-09-05T20:27:03","slug":"resumo-imperio-06-09-jose-pedro-e-preso","status":"publish","type":"post","link":"https:\/\/migracao.redenoticia.com.br\/noticia\/2021\/resumo-imperio-06-09-jose-pedro-e-preso\/210089","title":{"rendered":"Resumo \u201cImp\u00e9rio\u201d 06\/09: Jos\u00e9 Pedro \u00e9 preso"},"content":{"rendered":"<p><img loading=\"lazy\" decoding=\"async\" class=\"aligncenter size-full wp-image-205063\" src=\"https:\/\/migracao.redenoticia.com.br\/noticia\/imagens\/novela-imperio-resumo-elenco.jpeg\" alt=\"\" width=\"1280\" height=\"720\" srcset=\"https:\/\/migracao.redenoticia.com.br\/noticia\/imagens\/novela-imperio-resumo-elenco.jpeg 1280w, https:\/\/migracao.redenoticia.com.br\/noticia\/imagens\/novela-imperio-resumo-elenco-250x140.jpeg 250w, https:\/\/migracao.redenoticia.com.br\/noticia\/imagens\/novela-imperio-resumo-elenco-400x225.jpeg 400w, https:\/\/migracao.redenoticia.com.br\/noticia\/imagens\/novela-imperio-resumo-elenco-768x432.jpeg 768w, https:\/\/migracao.redenoticia.com.br\/noticia\/imagens\/novela-imperio-resumo-elenco-150x85.jpeg 150w\" sizes=\"auto, (max-width: 1280px) 100vw, 1280px\" \/><\/p>\n<p><em><strong>Resumo novela \u201cImp\u00e9rio\u201d<\/strong><\/em> em 06\/09: no cap\u00edtulo 127(*) da novela, Danielle conversa com Maur\u00edlio. X\u00eania convida Manoel para sambar com ela. Pietro aproveita a aus\u00eancia de Manoel e coloca um purgante na feijoada. Jos\u00e9 Pedro conversa com Kleber. A pol\u00edcia chega ao restaurante de Vicente. Jos\u00e9 Pedro e Kleber s\u00e3o presos. Vicente conta para Maria Clara que Jos\u00e9 Pedro foi levado pelos policiais. Danielle vibra com Maur\u00edlio na pris\u00e3o de Jos\u00e9 Pedro. Cristina conversa com Jos\u00e9 Alfredo. Maria Marta desconfia que Maur\u00edlio tenha denunciado Jos\u00e9 Pedro. Magn\u00f3lia e Severo v\u00e3o \u00e0 joalheria Imp\u00e9rio.<\/p>\n<p>Enrico come\u00e7a a colocar em pr\u00e1tica mais um plano para sabotar o restaurante de Vicente. Jonas marca um encontro com \u00c9rika. Cristina conversa com Merival sobre a situa\u00e7\u00e3o de Jos\u00e9 Pedro. T\u00e9o Pereira vai ao apartamento do Comendador para conversar com Maria Marta. X\u00eania se enfurece quando fica sabendo que Juliane n\u00e3o comeu a feijoada. Elivaldo desmaia ao ver Jos\u00e9 Alfredo. Cora implica com Jurema. Jos\u00e9 Alfredo conversa com Elivaldo sobre a sua falsa morte. Merival pede um valor alto para soltar Jos\u00e9 Pedro e Maur\u00edlio diz que pode pagar com a condi\u00e7\u00e3o de Maria Marta se casar com ele.<\/p>\n<p>(*) edi\u00e7\u00e3o das novelas da Globo, \u201cImp\u00e9rio\u201d, sujeito a altera\u00e7\u00e3o de data e conte\u00fado.<\/p>\n<p>Sinopse Novela &#8220;Imp\u00e9rio&#8221;: hist\u00f3ria do pernambucano Jos\u00e9 Alfredo de Medeiros (Chay Suede\/Alexandre Nero), o homem de preto. Dono de uma rede de joalherias, o Comendador tem tr\u00eas filhos com a aristocrata falida Maria Marta Mendon\u00e7a e Albuquerque (Adriana Birolli\/Lilia Cabral): Jos\u00e9 Pedro (Caio Blat), Maria Clara (Andreia Horta) e Jo\u00e3o Lucas (Daniel Rocha). Os tr\u00eas disputam a heran\u00e7a da empresa constru\u00edda pelo pai.<\/p>\n","protected":false},"excerpt":{"rendered":"<p>Resumo novela \u201cImp\u00e9rio\u201d em 06\/09: no cap\u00edtulo 127(*) da novela, Danielle conversa com Maur\u00edlio. X\u00eania convida Manoel para sambar com ela. Pietro aproveita a aus\u00eancia de Manoel e coloca um purgante na feijoada. Jos\u00e9 Pedro conversa com Kleber. A pol\u00edcia chega ao restaurante de Vicente. Jos\u00e9 Pedro e Kleber s\u00e3o presos. Vicente conta para Maria [&hellip;]<\/p>\n","protected":false},"author":4,"featured_media":205061,"comment_status":"closed","ping_status":"closed","sticky":false,"template":"","format":"standard","meta":{"tdm_status":"","tdm_grid_status":"","footnotes":""},"categories":[2196,379,375,2025,343],"tags":[441],"class_list":{"0":"post-210089","1":"post","2":"type-post","3":"status-publish","4":"format-standard","5":"has-post-thumbnail","7":"category-imperio","8":"category-novelas","9":"category-rede-globo","10":"category-resumo","11":"category-televisao","12":"tag-resumo-do-dia"},"_links":{"self":[{"href":"https:\/\/migracao.redenoticia.com.br\/noticia\/wp-json\/wp\/v2\/posts\/210089","targetHints":{"allow":["GET"]}}],"collection":[{"href":"https:\/\/migracao.redenoticia.com.br\/noticia\/wp-json\/wp\/v2\/posts"}],"about":[{"href":"https:\/\/migracao.redenoticia.com.br\/noticia\/wp-json\/wp\/v2\/types\/post"}],"author":[{"embeddable":true,"href":"https:\/\/migracao.redenoticia.com.br\/noticia\/wp-json\/wp\/v2\/users\/4"}],"replies":[{"embeddable":true,"href":"https:\/\/migracao.redenoticia.com.br\/noticia\/wp-json\/wp\/v2\/comments?post=210089"}],"version-history":[{"count":0,"href":"https:\/\/migracao.redenoticia.com.br\/noticia\/wp-json\/wp\/v2\/posts\/210089\/revisions"}],"wp:featuredmedia":[{"embeddable":true,"href":"https:\/\/migracao.redenoticia.com.br\/noticia\/wp-json\/wp\/v2\/media\/205061"}],"wp:attachment":[{"href":"https:\/\/migracao.redenoticia.com.br\/noticia\/wp-json\/wp\/v2\/media?parent=210089"}],"wp:term":[{"taxonomy":"category","embeddable":true,"href":"https:\/\/migracao.redenoticia.com.br\/noticia\/wp-json\/wp\/v2\/categories?post=210089"},{"taxonomy":"post_tag","embeddable":true,"href":"https:\/\/migracao.redenoticia.com.br\/noticia\/wp-json\/wp\/v2\/tags?post=210089"}],"curies":[{"name":"wp","href":"https:\/\/api.w.org\/{rel}","templated":true}]}}