{"id":210092,"date":"2021-09-03T18:16:56","date_gmt":"2021-09-03T21:16:56","guid":{"rendered":"https:\/\/www.redenoticia.com.br\/noticia\/?p=210092"},"modified":"2021-09-03T18:16:56","modified_gmt":"2021-09-03T21:16:56","slug":"resumo-imperio-04-09-maurilio-denuncia-jose-pedro-a-policia","status":"publish","type":"post","link":"https:\/\/migracao.redenoticia.com.br\/noticia\/2021\/resumo-imperio-04-09-maurilio-denuncia-jose-pedro-a-policia\/210092","title":{"rendered":"Resumo \u201cImp\u00e9rio\u201d 04\/09: Maur\u00edlio denuncia Jos\u00e9 Pedro \u00e0 pol\u00edcia"},"content":{"rendered":"<p><img loading=\"lazy\" decoding=\"async\" class=\"aligncenter size-full wp-image-205063\" src=\"https:\/\/migracao.redenoticia.com.br\/noticia\/imagens\/novela-imperio-resumo-elenco.jpeg\" alt=\"\" width=\"1280\" height=\"720\" srcset=\"https:\/\/migracao.redenoticia.com.br\/noticia\/imagens\/novela-imperio-resumo-elenco.jpeg 1280w, https:\/\/migracao.redenoticia.com.br\/noticia\/imagens\/novela-imperio-resumo-elenco-250x140.jpeg 250w, https:\/\/migracao.redenoticia.com.br\/noticia\/imagens\/novela-imperio-resumo-elenco-400x225.jpeg 400w, https:\/\/migracao.redenoticia.com.br\/noticia\/imagens\/novela-imperio-resumo-elenco-768x432.jpeg 768w, https:\/\/migracao.redenoticia.com.br\/noticia\/imagens\/novela-imperio-resumo-elenco-150x85.jpeg 150w\" sizes=\"auto, (max-width: 1280px) 100vw, 1280px\" \/><\/p>\n<p><em><strong>Resumo novela \u201cImp\u00e9rio\u201d<\/strong><\/em> em 04\/09: no cap\u00edtulo 126(*) da novela, Cora convence Cristina de que Sirlene roubou seu diamante. Maur\u00edlio ordena Maria Marta a dar uma entrevista para T\u00e9o. Jos\u00e9 Pedro conversa com um contrabandista. Cora pensa em Jos\u00e9 Pedro. Felipe acredita no suposto interesse de Cl\u00e1udio por ele. Cristina convence Xana a devolver Luciano e Juliane liga para os pais adotivos do menino. Cora contrata Jurema para trabalhar em sua casa.<\/p>\n<p>Cl\u00e1udio afirma a Beatriz que conseguir\u00e1 as provas contra Enrico. Cristina conta que foi roubada e Jo\u00e3o Lucas descobre que seu diamante tamb\u00e9m desapareceu. Josu\u00e9 conta para Jos\u00e9 Alfredo que seus filhos foram roubados e ele desconfia de Jos\u00e9 Pedro. Xana afirma que lutar\u00e1 para adotar Luciano. X\u00eania e Pietro se preparam para estragar a festa de Juliane na quadra da escola de samba. Maur\u00edlio denuncia Jos\u00e9 Pedro \u00e0 pol\u00edcia. <\/p>\n<p>(*) edi\u00e7\u00e3o das novelas da Globo, \u201cImp\u00e9rio\u201d, sujeito a altera\u00e7\u00e3o de data e conte\u00fado.<\/p>\n<p>Sinopse Novela &#8220;Imp\u00e9rio&#8221;: hist\u00f3ria do pernambucano Jos\u00e9 Alfredo de Medeiros (Chay Suede\/Alexandre Nero), o homem de preto. Dono de uma rede de joalherias, o Comendador tem tr\u00eas filhos com a aristocrata falida Maria Marta Mendon\u00e7a e Albuquerque (Adriana Birolli\/Lilia Cabral): Jos\u00e9 Pedro (Caio Blat), Maria Clara (Andreia Horta) e Jo\u00e3o Lucas (Daniel Rocha). Os tr\u00eas disputam a heran\u00e7a da empresa constru\u00edda pelo pai. <\/p>\n","protected":false},"excerpt":{"rendered":"<p>Resumo novela \u201cImp\u00e9rio\u201d em 04\/09: no cap\u00edtulo 126(*) da novela, Cora convence Cristina de que Sirlene roubou seu diamante. Maur\u00edlio ordena Maria Marta a dar uma entrevista para T\u00e9o. Jos\u00e9 Pedro conversa com um contrabandista. Cora pensa em Jos\u00e9 Pedro. Felipe acredita no suposto interesse de Cl\u00e1udio por ele. Cristina convence Xana a devolver Luciano [&hellip;]<\/p>\n","protected":false},"author":2,"featured_media":205061,"comment_status":"closed","ping_status":"closed","sticky":false,"template":"","format":"standard","meta":{"tdm_status":"","tdm_grid_status":"","footnotes":""},"categories":[2196,379,375,2025,343],"tags":[441],"class_list":{"0":"post-210092","1":"post","2":"type-post","3":"status-publish","4":"format-standard","5":"has-post-thumbnail","7":"category-imperio","8":"category-novelas","9":"category-rede-globo","10":"category-resumo","11":"category-televisao","12":"tag-resumo-do-dia"},"_links":{"self":[{"href":"https:\/\/migracao.redenoticia.com.br\/noticia\/wp-json\/wp\/v2\/posts\/210092","targetHints":{"allow":["GET"]}}],"collection":[{"href":"https:\/\/migracao.redenoticia.com.br\/noticia\/wp-json\/wp\/v2\/posts"}],"about":[{"href":"https:\/\/migracao.redenoticia.com.br\/noticia\/wp-json\/wp\/v2\/types\/post"}],"author":[{"embeddable":true,"href":"https:\/\/migracao.redenoticia.com.br\/noticia\/wp-json\/wp\/v2\/users\/2"}],"replies":[{"embeddable":true,"href":"https:\/\/migracao.redenoticia.com.br\/noticia\/wp-json\/wp\/v2\/comments?post=210092"}],"version-history":[{"count":0,"href":"https:\/\/migracao.redenoticia.com.br\/noticia\/wp-json\/wp\/v2\/posts\/210092\/revisions"}],"wp:featuredmedia":[{"embeddable":true,"href":"https:\/\/migracao.redenoticia.com.br\/noticia\/wp-json\/wp\/v2\/media\/205061"}],"wp:attachment":[{"href":"https:\/\/migracao.redenoticia.com.br\/noticia\/wp-json\/wp\/v2\/media?parent=210092"}],"wp:term":[{"taxonomy":"category","embeddable":true,"href":"https:\/\/migracao.redenoticia.com.br\/noticia\/wp-json\/wp\/v2\/categories?post=210092"},{"taxonomy":"post_tag","embeddable":true,"href":"https:\/\/migracao.redenoticia.com.br\/noticia\/wp-json\/wp\/v2\/tags?post=210092"}],"curies":[{"name":"wp","href":"https:\/\/api.w.org\/{rel}","templated":true}]}}