{"id":2101,"date":"2009-05-28T22:42:21","date_gmt":"2009-05-29T02:42:21","guid":{"rendered":"http:\/\/www.redenoticia.com.br\/noticia\/?p=2101"},"modified":"2009-05-28T16:43:59","modified_gmt":"2009-05-28T20:43:59","slug":"1%c2%ba-conseg-em-ji-parana-mobilizou-a-comunidade","status":"publish","type":"post","link":"https:\/\/migracao.redenoticia.com.br\/noticia\/2009\/1%c2%ba-conseg-em-ji-parana-mobilizou-a-comunidade\/2101","title":{"rendered":"1\u00ba CONSEG em Ji-Paran\u00e1 mobiliza a comunidade"},"content":{"rendered":"<p class=\"MsoNormal\"><span class=\"destaquei11\"><span style=\"font-size: 11pt; font-family: Arial; font-weight: normal;\">A primeira confer\u00eancia estadual de seguran\u00e7a p\u00fablica, realizada no audit\u00f3rio da ULBRA em Ji-Paran\u00e1, re\u00fane mais de quinhentos participantes.<\/span><\/span><\/p>\n<p class=\"MsoNormal\"><span class=\"destaquei11\"><span style=\"font-size: 11pt; font-family: Arial; font-weight: normal;\">O evento ser\u00e1 conclu\u00eddo hoje (29) \u00e0s 17h00 ap\u00f3s dois dias de palestras, grupos de trabalhos, discuss\u00e3o dos eixos e elei\u00e7\u00e3o de propostas de seguran\u00e7a.<\/span><\/span><\/p>\n<p class=\"MsoNormal\"><span class=\"destaquei11\"><span style=\"font-size: 11pt; font-family: Arial; font-weight: normal;\">Quatorze participantes ser\u00e3o eleitos para representar Ji-Paran\u00e1 na continua\u00e7\u00e3o da conferencia, em Porto Velho (RO). <\/span><\/span><\/p>\n","protected":false},"excerpt":{"rendered":"<p>A primeira confer\u00eancia estadual de seguran\u00e7a p\u00fablica, realizada no audit\u00f3rio da ULBRA em Ji-Paran\u00e1, re\u00fane mais de quinhentos participantes. O evento ser\u00e1 conclu\u00eddo hoje (29) \u00e0s 17h00 ap\u00f3s dois dias de palestras, grupos de trabalhos, discuss\u00e3o dos eixos e elei\u00e7\u00e3o de propostas de seguran\u00e7a. Quatorze participantes ser\u00e3o eleitos para representar Ji-Paran\u00e1 na continua\u00e7\u00e3o da conferencia, [&hellip;]<\/p>\n","protected":false},"author":3,"featured_media":0,"comment_status":"open","ping_status":"open","sticky":false,"template":"","format":"standard","meta":{"tdm_status":"","tdm_grid_status":"","footnotes":""},"categories":[22],"tags":[],"class_list":{"0":"post-2101","1":"post","2":"type-post","3":"status-publish","4":"format-standard","6":"category-brasil"},"_links":{"self":[{"href":"https:\/\/migracao.redenoticia.com.br\/noticia\/wp-json\/wp\/v2\/posts\/2101","targetHints":{"allow":["GET"]}}],"collection":[{"href":"https:\/\/migracao.redenoticia.com.br\/noticia\/wp-json\/wp\/v2\/posts"}],"about":[{"href":"https:\/\/migracao.redenoticia.com.br\/noticia\/wp-json\/wp\/v2\/types\/post"}],"author":[{"embeddable":true,"href":"https:\/\/migracao.redenoticia.com.br\/noticia\/wp-json\/wp\/v2\/users\/3"}],"replies":[{"embeddable":true,"href":"https:\/\/migracao.redenoticia.com.br\/noticia\/wp-json\/wp\/v2\/comments?post=2101"}],"version-history":[{"count":0,"href":"https:\/\/migracao.redenoticia.com.br\/noticia\/wp-json\/wp\/v2\/posts\/2101\/revisions"}],"wp:attachment":[{"href":"https:\/\/migracao.redenoticia.com.br\/noticia\/wp-json\/wp\/v2\/media?parent=2101"}],"wp:term":[{"taxonomy":"category","embeddable":true,"href":"https:\/\/migracao.redenoticia.com.br\/noticia\/wp-json\/wp\/v2\/categories?post=2101"},{"taxonomy":"post_tag","embeddable":true,"href":"https:\/\/migracao.redenoticia.com.br\/noticia\/wp-json\/wp\/v2\/tags?post=2101"}],"curies":[{"name":"wp","href":"https:\/\/api.w.org\/{rel}","templated":true}]}}