{"id":210135,"date":"2021-09-06T15:17:47","date_gmt":"2021-09-06T18:17:47","guid":{"rendered":"https:\/\/www.redenoticia.com.br\/noticia\/?p=210135"},"modified":"2021-09-06T15:17:47","modified_gmt":"2021-09-06T18:17:47","slug":"resumo-coracao-indomavel-07-09-maricruz-descobre-que-otavio-foi-expulso-da-ilha-dourada","status":"publish","type":"post","link":"https:\/\/migracao.redenoticia.com.br\/noticia\/2021\/resumo-coracao-indomavel-07-09-maricruz-descobre-que-otavio-foi-expulso-da-ilha-dourada\/210135","title":{"rendered":"Resumo &#8220;Cora\u00e7\u00e3o Indom\u00e1vel&#8221; 07\/09: Maricruz descobre que Ot\u00e1vio foi expulso da Ilha Dourada"},"content":{"rendered":"<p><img loading=\"lazy\" decoding=\"async\" class=\"aligncenter size-full wp-image-206134\" src=\"https:\/\/migracao.redenoticia.com.br\/noticia\/imagens\/coracao-indomavel-resumo-novela-elenco.jpeg\" alt=\"\" width=\"1280\" height=\"720\" srcset=\"https:\/\/migracao.redenoticia.com.br\/noticia\/imagens\/coracao-indomavel-resumo-novela-elenco.jpeg 1280w, https:\/\/migracao.redenoticia.com.br\/noticia\/imagens\/coracao-indomavel-resumo-novela-elenco-250x140.jpeg 250w, https:\/\/migracao.redenoticia.com.br\/noticia\/imagens\/coracao-indomavel-resumo-novela-elenco-400x225.jpeg 400w, https:\/\/migracao.redenoticia.com.br\/noticia\/imagens\/coracao-indomavel-resumo-novela-elenco-768x432.jpeg 768w, https:\/\/migracao.redenoticia.com.br\/noticia\/imagens\/coracao-indomavel-resumo-novela-elenco-150x85.jpeg 150w\" sizes=\"auto, (max-width: 1280px) 100vw, 1280px\" \/><\/p>\n<p><strong><em>Resumo da novela &#8220;Cora\u00e7\u00e3o Indom\u00e1vel&#8221;<\/em><\/strong> em 07\/09: no cap\u00edtulo 076(*) da novela, Maria Alessandra diz a Joaninha que est\u00e1 muito ressentida com os Narv\u00e1ez, e que n\u00e3o descansar\u00e1 at\u00e9 fazer pag\u00e1-los por todo mal que fizeram a ela. Miguel, perante Ot\u00e1vio, culpa Maricruz por suas desgra\u00e7as e diz que tudo isso come\u00e7ou quando ela apareceu na Fazenda. Miguel pensa em Lucia e assina o contrato de venda da Fazenda, depois liga para a esposa e informa o ocorrido. O Senhor Montes notifica Maria Alessandra como a nova propriet\u00e1ria da Fazenda Narv\u00e1ez. Ot\u00e1vio e Doris discutem, e ele prop\u00f5e que eles terminem a rela\u00e7\u00e3o, ele tamb\u00e9m confessa a Doris que est\u00e1 tentando se reconciliar com Maria Alessandra.<\/p>\n<p>Ot\u00e1vio termina definitivamente seu compromisso com Doris. Ela, chorando, diz ao Governador o ocorrido, e ele afirma que Ot\u00e1vio pagar\u00e1 caro por ter feito isso e ser\u00e1 expulso da Ilha Dourada. A delegada chega ao quarto de Ot\u00e1vio e o informa que ele precisa se retirar imediatamente de Ilha Dourada, do contr\u00e1rio ser\u00e1 preso por contrabando. Lucia diz a Ofelia que Miguel vendeu a Fazenda. O Governador se nega a atender um telefonema de Ot\u00e1vio. Ot\u00e1vio informa Maricruz sobre sua expuls\u00e3o da Ilha Dourada. Ot\u00e1vio diz a Maria Alessandra que rompeu o compromisso com Doris.<\/p>\n<p>Doris diz a Mariana que quer que Ot\u00e1vio sofra por t\u00ea-la desprezado. O inspetor de pol\u00edcia d\u00e1 a Ot\u00e1vio 24 horas para que ele deixe a Ilha Dourada. Por telefone, Ot\u00e1vio diz a Maricruz que o acusam de contrabando e insinua que ela \u00e9 a culpada por isso. Maria Alessandra pergunta a Doris se ela tem alguma coisa a ver com a acusa\u00e7\u00e3o, Doris sorri satisfeita. Ot\u00e1vio diz a Miguel que o expulsaram de Ilha Dourada e que o fizeram por uma vingan\u00e7a de Doris, em seguida lhe pede um pouco do dinheiro obtido pela venda da Fazenda Narv\u00e1ez.<\/p>\n<p>(*) edi\u00e7\u00e3o das novelas do SBT, &#8220;Cora\u00e7\u00e3o Indom\u00e1vel&#8221;, sujeito a altera\u00e7\u00e3o de data e conte\u00fado.<\/p>\n<p>Sinopse &#8220;Cora\u00e7\u00e3o Indom\u00e1vel&#8221;: A novela conta a hist\u00f3ria da pobre Maricruz que, ap\u00f3s ter sido abandonada pelo marido, decide se vingar daqueles que a humilharam. Ela descobre ser filha de um homem rico, tornando-se uma mulher da alta sociedade.<\/p>\n","protected":false},"excerpt":{"rendered":"<p>Resumo da novela &#8220;Cora\u00e7\u00e3o Indom\u00e1vel&#8221; em 07\/09: no cap\u00edtulo 076(*) da novela, Maria Alessandra diz a Joaninha que est\u00e1 muito ressentida com os Narv\u00e1ez, e que n\u00e3o descansar\u00e1 at\u00e9 fazer pag\u00e1-los por todo mal que fizeram a ela. Miguel, perante Ot\u00e1vio, culpa Maricruz por suas desgra\u00e7as e diz que tudo isso come\u00e7ou quando ela apareceu [&hellip;]<\/p>\n","protected":false},"author":4,"featured_media":206133,"comment_status":"closed","ping_status":"closed","sticky":false,"template":"","format":"standard","meta":{"tdm_status":"","tdm_grid_status":"","footnotes":""},"categories":[2200,379,2025,372,343],"tags":[441],"class_list":{"0":"post-210135","1":"post","2":"type-post","3":"status-publish","4":"format-standard","5":"has-post-thumbnail","7":"category-coracao-indomavel","8":"category-novelas","9":"category-resumo","10":"category-sbt","11":"category-televisao","12":"tag-resumo-do-dia"},"_links":{"self":[{"href":"https:\/\/migracao.redenoticia.com.br\/noticia\/wp-json\/wp\/v2\/posts\/210135","targetHints":{"allow":["GET"]}}],"collection":[{"href":"https:\/\/migracao.redenoticia.com.br\/noticia\/wp-json\/wp\/v2\/posts"}],"about":[{"href":"https:\/\/migracao.redenoticia.com.br\/noticia\/wp-json\/wp\/v2\/types\/post"}],"author":[{"embeddable":true,"href":"https:\/\/migracao.redenoticia.com.br\/noticia\/wp-json\/wp\/v2\/users\/4"}],"replies":[{"embeddable":true,"href":"https:\/\/migracao.redenoticia.com.br\/noticia\/wp-json\/wp\/v2\/comments?post=210135"}],"version-history":[{"count":0,"href":"https:\/\/migracao.redenoticia.com.br\/noticia\/wp-json\/wp\/v2\/posts\/210135\/revisions"}],"wp:featuredmedia":[{"embeddable":true,"href":"https:\/\/migracao.redenoticia.com.br\/noticia\/wp-json\/wp\/v2\/media\/206133"}],"wp:attachment":[{"href":"https:\/\/migracao.redenoticia.com.br\/noticia\/wp-json\/wp\/v2\/media?parent=210135"}],"wp:term":[{"taxonomy":"category","embeddable":true,"href":"https:\/\/migracao.redenoticia.com.br\/noticia\/wp-json\/wp\/v2\/categories?post=210135"},{"taxonomy":"post_tag","embeddable":true,"href":"https:\/\/migracao.redenoticia.com.br\/noticia\/wp-json\/wp\/v2\/tags?post=210135"}],"curies":[{"name":"wp","href":"https:\/\/api.w.org\/{rel}","templated":true}]}}