{"id":210138,"date":"2021-09-06T15:20:46","date_gmt":"2021-09-06T18:20:46","guid":{"rendered":"https:\/\/www.redenoticia.com.br\/noticia\/?p=210138"},"modified":"2021-09-06T15:20:46","modified_gmt":"2021-09-06T18:20:46","slug":"resumo-chiquititas-07-09-duda-pede-desculpa-para-mili","status":"publish","type":"post","link":"https:\/\/migracao.redenoticia.com.br\/noticia\/2021\/resumo-chiquititas-07-09-duda-pede-desculpa-para-mili\/210138","title":{"rendered":"Resumo \u201cChiquititas\u201d 07\/09: Duda pede desculpa para Mili"},"content":{"rendered":"<p><img loading=\"lazy\" decoding=\"async\" class=\"aligncenter size-full wp-image-195897\" src=\"https:\/\/migracao.redenoticia.com.br\/noticia\/imagens\/chiquititas-resumo-sinopse.jpg\" alt=\"\" width=\"1280\" height=\"720\" srcset=\"https:\/\/migracao.redenoticia.com.br\/noticia\/imagens\/chiquititas-resumo-sinopse.jpg 1280w, https:\/\/migracao.redenoticia.com.br\/noticia\/imagens\/chiquititas-resumo-sinopse-250x140.jpg 250w, https:\/\/migracao.redenoticia.com.br\/noticia\/imagens\/chiquititas-resumo-sinopse-400x225.jpg 400w, https:\/\/migracao.redenoticia.com.br\/noticia\/imagens\/chiquititas-resumo-sinopse-768x432.jpg 768w, https:\/\/migracao.redenoticia.com.br\/noticia\/imagens\/chiquititas-resumo-sinopse-150x85.jpg 150w, https:\/\/migracao.redenoticia.com.br\/noticia\/imagens\/chiquititas-resumo-sinopse-696x392.jpg 696w, https:\/\/migracao.redenoticia.com.br\/noticia\/imagens\/chiquititas-resumo-sinopse-1068x601.jpg 1068w\" sizes=\"auto, (max-width: 1280px) 100vw, 1280px\" \/><\/p>\n<p><strong><em>Resumo da novela \u201cChiquititas\u201d<\/em><\/strong> em 07\/09: no cap\u00edtulo 332(*) da novela, L\u00facia mostra para os garotos onde encontrou o \u201cOvo dos desejos\u201d. Os meninos veem a porta secreta e uma palavra sem sentido escrita na parede. Eles acreditam que l\u00e1 fica o tesouro. Samuca diz que eles precisam pensar em todos os elementos e que assim conseguiram abrir a porta num outro momento.<\/p>\n<p>Eduarda diz para Pa\u00e7oca que est\u00e1 muito feliz de estar com o garoto. O menino est\u00e1 preocupado, pois foi pressionado pelos ex-parceiros de rua a roubar algum objeto da casa de Eduarda para eles. Edgard vai at\u00e9 o orfanato e conversa com Bia, que pergunta o motivo dele n\u00e3o ter contado a verdade sobre Geraldo. O homem diz que ele estava tentando proteger Bia e que Geraldo n\u00e3o presta.<\/p>\n<p>Duda assiste a um filme com Mili e revela que gostou dela bem mais do que gostou de Pata. Marian filma tudo escondida. Ana e Cris dizem para Bia que ela deveria escutar o que Geraldo tem a dizer. Na ilha deserta, Tobias tenta montar uma jangada com bambus. Na escola, Duda pede desculpa para Mili pela conversa que tiveram.<\/p>\n<p>(*) edi\u00e7\u00e3o das novelas do SBT, \u201cChiquititas\u201d, sujeito a altera\u00e7\u00e3o de data e conte\u00fado.<\/p>\n","protected":false},"excerpt":{"rendered":"<p>Resumo da novela \u201cChiquititas\u201d em 07\/09: no cap\u00edtulo 332(*) da novela, L\u00facia mostra para os garotos onde encontrou o \u201cOvo dos desejos\u201d. Os meninos veem a porta secreta e uma palavra sem sentido escrita na parede. Eles acreditam que l\u00e1 fica o tesouro. Samuca diz que eles precisam pensar em todos os elementos e que [&hellip;]<\/p>\n","protected":false},"author":4,"featured_media":195894,"comment_status":"closed","ping_status":"closed","sticky":false,"template":"","format":"standard","meta":{"tdm_status":"","tdm_grid_status":"","footnotes":""},"categories":[409,379,2025,372,343],"tags":[441],"class_list":{"0":"post-210138","1":"post","2":"type-post","3":"status-publish","4":"format-standard","5":"has-post-thumbnail","7":"category-chiquititas","8":"category-novelas","9":"category-resumo","10":"category-sbt","11":"category-televisao","12":"tag-resumo-do-dia"},"_links":{"self":[{"href":"https:\/\/migracao.redenoticia.com.br\/noticia\/wp-json\/wp\/v2\/posts\/210138","targetHints":{"allow":["GET"]}}],"collection":[{"href":"https:\/\/migracao.redenoticia.com.br\/noticia\/wp-json\/wp\/v2\/posts"}],"about":[{"href":"https:\/\/migracao.redenoticia.com.br\/noticia\/wp-json\/wp\/v2\/types\/post"}],"author":[{"embeddable":true,"href":"https:\/\/migracao.redenoticia.com.br\/noticia\/wp-json\/wp\/v2\/users\/4"}],"replies":[{"embeddable":true,"href":"https:\/\/migracao.redenoticia.com.br\/noticia\/wp-json\/wp\/v2\/comments?post=210138"}],"version-history":[{"count":0,"href":"https:\/\/migracao.redenoticia.com.br\/noticia\/wp-json\/wp\/v2\/posts\/210138\/revisions"}],"wp:featuredmedia":[{"embeddable":true,"href":"https:\/\/migracao.redenoticia.com.br\/noticia\/wp-json\/wp\/v2\/media\/195894"}],"wp:attachment":[{"href":"https:\/\/migracao.redenoticia.com.br\/noticia\/wp-json\/wp\/v2\/media?parent=210138"}],"wp:term":[{"taxonomy":"category","embeddable":true,"href":"https:\/\/migracao.redenoticia.com.br\/noticia\/wp-json\/wp\/v2\/categories?post=210138"},{"taxonomy":"post_tag","embeddable":true,"href":"https:\/\/migracao.redenoticia.com.br\/noticia\/wp-json\/wp\/v2\/tags?post=210138"}],"curies":[{"name":"wp","href":"https:\/\/api.w.org\/{rel}","templated":true}]}}