{"id":210140,"date":"2021-09-06T15:22:17","date_gmt":"2021-09-06T18:22:17","guid":{"rendered":"https:\/\/www.redenoticia.com.br\/noticia\/?p=210140"},"modified":"2021-09-06T15:22:17","modified_gmt":"2021-09-06T18:22:17","slug":"resumo-tititi-07-09-valquiria-descobre-que-amanda-e-sua-irma","status":"publish","type":"post","link":"https:\/\/migracao.redenoticia.com.br\/noticia\/2021\/resumo-tititi-07-09-valquiria-descobre-que-amanda-e-sua-irma\/210140","title":{"rendered":"Resumo \u201cTiTiTi\u201d 07\/09: Valqu\u00edria descobre que Amanda \u00e9 sua irm\u00e3"},"content":{"rendered":"<p><img loading=\"lazy\" decoding=\"async\" src=\"https:\/\/migracao.redenoticia.com.br\/noticia\/imagens\/tititi-elenco-personagens.jpeg\" alt=\"\" width=\"1280\" height=\"720\" class=\"aligncenter size-full wp-image-204657\" srcset=\"https:\/\/migracao.redenoticia.com.br\/noticia\/imagens\/tititi-elenco-personagens.jpeg 1280w, https:\/\/migracao.redenoticia.com.br\/noticia\/imagens\/tititi-elenco-personagens-250x140.jpeg 250w, https:\/\/migracao.redenoticia.com.br\/noticia\/imagens\/tititi-elenco-personagens-400x225.jpeg 400w, https:\/\/migracao.redenoticia.com.br\/noticia\/imagens\/tititi-elenco-personagens-768x432.jpeg 768w, https:\/\/migracao.redenoticia.com.br\/noticia\/imagens\/tititi-elenco-personagens-150x85.jpeg 150w\" sizes=\"auto, (max-width: 1280px) 100vw, 1280px\" \/><\/p>\n<p><em><strong>Resumo da novela \u201cTiTiTi\u201d<\/strong><\/em> em 07\/09: no cap\u00edtulo 117(*) da novela, Ariclenes expulsa as clientes do ateli\u00ea. Camila diz a Valqu\u00edria que n\u00e3o se afastar\u00e1 de Luti. Thales pede a Julinho para ser seu amigo. Marcela exige que Giancarlo devolva o controle acion\u00e1rio da Editora para Gustavo. Bruna convida Marcela para voltar a morar em sua casa, mas ela recusa. Renato se hospeda no mesmo hotel de Amanda e encontra Edgar na recep\u00e7\u00e3o. Clotilde arma um esc\u00e2ndalo com Jacques no restaurante e os fot\u00f3grafos registram tudo.<\/p>\n<p>Jorgito decide retomar sua vida e esquecer Desir\u00e9e. Marcela deixa a casa de Giancarlo com Paulinho. Jaqueline insiste em saber quem \u00e9 a paix\u00e3o de Thales, mas ele se esquiva. Edgar pede a Giancarlo o endere\u00e7o de Marcela. Valqu\u00edria ouve Luti conversando com Gabriela e descobre que Amanda \u00e9 sua irm\u00e3. Jacques comunica \u00e0 fam\u00edlia que ele e Clotilde decidiram se separar. Edgar aparece no apartamento de Marcela.<\/p>\n<p>Luti volta a namorar Valqu\u00edria<\/p>\n<p>Edgar sugere que Marcela volte a morar com ele. Gabriela conta para Luti e Valqu\u00edria que Amanda copiou o croqui para se vingar da m\u00e3e. Marcela pede um tempo para Edgar. Luti volta a namorar Valqu\u00edria. Marcela encontra Renato na editora. Camila pressiona Luti a se decidir entre ela e Valqu\u00edria. Jaqueline fica sabendo que Jacques se separou de Clotilde. Mabi descobre que a separa\u00e7\u00e3o \u00e9 uma farsa. Marcela sai da Editora abalada e cruza com Isabel.<\/p>\n<p>Valqu\u00edria revela para a av\u00f3 e os irm\u00e3os que Jacques \u00e9 pai de Amanda. As clientes de Valentim descobrem que ele n\u00e3o \u00e9 bruxo e destroem o ateli\u00ea do espanhol. Dona Mocinha fica sabendo que St\u00e9fany difamou Armandinho e a expulsa de sua casa. Jacques encontra o ateli\u00ea de Jaqueline lotado. J\u00falia procura Marta para falar dos direitos de Amanda. Renato se muda e Isabel aparece em seu novo apartamento.<\/p>\n<p>(*) edi\u00e7\u00e3o das novelas da Globo, \u201cTiTiTi\u201d, sujeito a altera\u00e7\u00e3o de data e conte\u00fado.<\/p>\n<p>Sinopse &#8220;TiTiTi&#8221;: Alexandre Borges e Murilo Ben\u00edcio interpretam os rivais da hist\u00f3ria, respectivamente Jacques Leclair e Victor Valentim, que passam a novela inteira se digladiando para ver quem sobressai no mundo na moda como estilista bem-sucedido, com o nome transformado em grife e as cole\u00e7\u00f5es desfiladas nas grandes semanas de moda e fotografadas para as revistas de celebridades.<\/p>\n","protected":false},"excerpt":{"rendered":"<p>Resumo da novela \u201cTiTiTi\u201d em 07\/09: no cap\u00edtulo 117(*) da novela, Ariclenes expulsa as clientes do ateli\u00ea. Camila diz a Valqu\u00edria que n\u00e3o se afastar\u00e1 de Luti. Thales pede a Julinho para ser seu amigo. Marcela exige que Giancarlo devolva o controle acion\u00e1rio da Editora para Gustavo. Bruna convida Marcela para voltar a morar em [&hellip;]<\/p>\n","protected":false},"author":4,"featured_media":204655,"comment_status":"closed","ping_status":"closed","sticky":false,"template":"","format":"standard","meta":{"tdm_status":"","tdm_grid_status":"","footnotes":""},"categories":[379,467,375,2025,343,2193],"tags":[441],"class_list":{"0":"post-210140","1":"post","2":"type-post","3":"status-publish","4":"format-standard","5":"has-post-thumbnail","7":"category-novelas","8":"category-orgulho-e-paixao","9":"category-rede-globo","10":"category-resumo","11":"category-televisao","12":"category-tititi","13":"tag-resumo-do-dia"},"_links":{"self":[{"href":"https:\/\/migracao.redenoticia.com.br\/noticia\/wp-json\/wp\/v2\/posts\/210140","targetHints":{"allow":["GET"]}}],"collection":[{"href":"https:\/\/migracao.redenoticia.com.br\/noticia\/wp-json\/wp\/v2\/posts"}],"about":[{"href":"https:\/\/migracao.redenoticia.com.br\/noticia\/wp-json\/wp\/v2\/types\/post"}],"author":[{"embeddable":true,"href":"https:\/\/migracao.redenoticia.com.br\/noticia\/wp-json\/wp\/v2\/users\/4"}],"replies":[{"embeddable":true,"href":"https:\/\/migracao.redenoticia.com.br\/noticia\/wp-json\/wp\/v2\/comments?post=210140"}],"version-history":[{"count":0,"href":"https:\/\/migracao.redenoticia.com.br\/noticia\/wp-json\/wp\/v2\/posts\/210140\/revisions"}],"wp:featuredmedia":[{"embeddable":true,"href":"https:\/\/migracao.redenoticia.com.br\/noticia\/wp-json\/wp\/v2\/media\/204655"}],"wp:attachment":[{"href":"https:\/\/migracao.redenoticia.com.br\/noticia\/wp-json\/wp\/v2\/media?parent=210140"}],"wp:term":[{"taxonomy":"category","embeddable":true,"href":"https:\/\/migracao.redenoticia.com.br\/noticia\/wp-json\/wp\/v2\/categories?post=210140"},{"taxonomy":"post_tag","embeddable":true,"href":"https:\/\/migracao.redenoticia.com.br\/noticia\/wp-json\/wp\/v2\/tags?post=210140"}],"curies":[{"name":"wp","href":"https:\/\/api.w.org\/{rel}","templated":true}]}}