{"id":210150,"date":"2021-09-06T15:27:28","date_gmt":"2021-09-06T18:27:28","guid":{"rendered":"https:\/\/www.redenoticia.com.br\/noticia\/?p=210150"},"modified":"2021-09-06T15:27:28","modified_gmt":"2021-09-06T18:27:28","slug":"resumo-imperio-07-09-jose-alfredo-descobre-sumico-de-dinheiro","status":"publish","type":"post","link":"https:\/\/migracao.redenoticia.com.br\/noticia\/2021\/resumo-imperio-07-09-jose-alfredo-descobre-sumico-de-dinheiro\/210150","title":{"rendered":"Resumo \u201cImp\u00e9rio\u201d 07\/09: Jos\u00e9 Alfredo descobre sumi\u00e7o de dinheiro"},"content":{"rendered":"<p><img loading=\"lazy\" decoding=\"async\" class=\"aligncenter size-full wp-image-205063\" src=\"https:\/\/migracao.redenoticia.com.br\/noticia\/imagens\/novela-imperio-resumo-elenco.jpeg\" alt=\"\" width=\"1280\" height=\"720\" srcset=\"https:\/\/migracao.redenoticia.com.br\/noticia\/imagens\/novela-imperio-resumo-elenco.jpeg 1280w, https:\/\/migracao.redenoticia.com.br\/noticia\/imagens\/novela-imperio-resumo-elenco-250x140.jpeg 250w, https:\/\/migracao.redenoticia.com.br\/noticia\/imagens\/novela-imperio-resumo-elenco-400x225.jpeg 400w, https:\/\/migracao.redenoticia.com.br\/noticia\/imagens\/novela-imperio-resumo-elenco-768x432.jpeg 768w, https:\/\/migracao.redenoticia.com.br\/noticia\/imagens\/novela-imperio-resumo-elenco-150x85.jpeg 150w\" sizes=\"auto, (max-width: 1280px) 100vw, 1280px\" \/><\/p>\n<p><em><strong>Resumo novela \u201cImp\u00e9rio\u201d<\/strong><\/em> em 07\/09: no cap\u00edtulo 128(*) da novela, Maria Marta se surpreende com a proposta de Maur\u00edlio para tirar Jos\u00e9 Pedro da cadeia. Elivaldo conta para Cristina que encontrou Jos\u00e9 Alfredo. Pietro fica receoso com a desconfian\u00e7a de Juliane. Felipe amea\u00e7a denunciar Enrico. Maur\u00edlio afirma que Danielle voltar\u00e1 para a mans\u00e3o. Xana e Nan\u00e1 especulam sobre quem jogou purgante na feijoada. Magn\u00f3lia sofre com o fracasso de sua festa. Felipe marca um encontro com Cl\u00e1udio.<\/p>\n<p>Jos\u00e9 Alfredo pensa em ajudar Jos\u00e9 Pedro. Tuane tenta descobrir o motivo da mudan\u00e7a de comportamento de Elivaldo. Cristina acredita que Cora se encontrou com Jos\u00e9 Pedro. Maur\u00edlio manda T\u00e9o publicar uma not\u00edcia sobre o seu casamento com Maria Marta. Helena descobre que os quadros de Salvador v\u00e3o para leil\u00e3o. Felipe conta para Cl\u00e1udio tudo o que fez a mando de Enrico. Jos\u00e9 Alfredo descobre que o dinheiro que tinha em um banco da Su\u00ed\u00e7a desapareceu.<\/p>\n<p>(*) edi\u00e7\u00e3o das novelas da Globo, \u201cImp\u00e9rio\u201d, sujeito a altera\u00e7\u00e3o de data e conte\u00fado.<\/p>\n<p>Sinopse Novela &#8220;Imp\u00e9rio&#8221;: hist\u00f3ria do pernambucano Jos\u00e9 Alfredo de Medeiros (Chay Suede\/Alexandre Nero), o homem de preto. Dono de uma rede de joalherias, o Comendador tem tr\u00eas filhos com a aristocrata falida Maria Marta Mendon\u00e7a e Albuquerque (Adriana Birolli\/Lilia Cabral): Jos\u00e9 Pedro (Caio Blat), Maria Clara (Andreia Horta) e Jo\u00e3o Lucas (Daniel Rocha). Os tr\u00eas disputam a heran\u00e7a da empresa constru\u00edda pelo pai.<\/p>\n","protected":false},"excerpt":{"rendered":"<p>Resumo novela \u201cImp\u00e9rio\u201d em 07\/09: no cap\u00edtulo 128(*) da novela, Maria Marta se surpreende com a proposta de Maur\u00edlio para tirar Jos\u00e9 Pedro da cadeia. Elivaldo conta para Cristina que encontrou Jos\u00e9 Alfredo. Pietro fica receoso com a desconfian\u00e7a de Juliane. Felipe amea\u00e7a denunciar Enrico. Maur\u00edlio afirma que Danielle voltar\u00e1 para a mans\u00e3o. Xana e [&hellip;]<\/p>\n","protected":false},"author":4,"featured_media":205061,"comment_status":"closed","ping_status":"closed","sticky":false,"template":"","format":"standard","meta":{"tdm_status":"","tdm_grid_status":"","footnotes":""},"categories":[2196,379,375,2025,343],"tags":[441],"class_list":{"0":"post-210150","1":"post","2":"type-post","3":"status-publish","4":"format-standard","5":"has-post-thumbnail","7":"category-imperio","8":"category-novelas","9":"category-rede-globo","10":"category-resumo","11":"category-televisao","12":"tag-resumo-do-dia"},"_links":{"self":[{"href":"https:\/\/migracao.redenoticia.com.br\/noticia\/wp-json\/wp\/v2\/posts\/210150","targetHints":{"allow":["GET"]}}],"collection":[{"href":"https:\/\/migracao.redenoticia.com.br\/noticia\/wp-json\/wp\/v2\/posts"}],"about":[{"href":"https:\/\/migracao.redenoticia.com.br\/noticia\/wp-json\/wp\/v2\/types\/post"}],"author":[{"embeddable":true,"href":"https:\/\/migracao.redenoticia.com.br\/noticia\/wp-json\/wp\/v2\/users\/4"}],"replies":[{"embeddable":true,"href":"https:\/\/migracao.redenoticia.com.br\/noticia\/wp-json\/wp\/v2\/comments?post=210150"}],"version-history":[{"count":0,"href":"https:\/\/migracao.redenoticia.com.br\/noticia\/wp-json\/wp\/v2\/posts\/210150\/revisions"}],"wp:featuredmedia":[{"embeddable":true,"href":"https:\/\/migracao.redenoticia.com.br\/noticia\/wp-json\/wp\/v2\/media\/205061"}],"wp:attachment":[{"href":"https:\/\/migracao.redenoticia.com.br\/noticia\/wp-json\/wp\/v2\/media?parent=210150"}],"wp:term":[{"taxonomy":"category","embeddable":true,"href":"https:\/\/migracao.redenoticia.com.br\/noticia\/wp-json\/wp\/v2\/categories?post=210150"},{"taxonomy":"post_tag","embeddable":true,"href":"https:\/\/migracao.redenoticia.com.br\/noticia\/wp-json\/wp\/v2\/tags?post=210150"}],"curies":[{"name":"wp","href":"https:\/\/api.w.org\/{rel}","templated":true}]}}