{"id":210170,"date":"2021-09-07T15:35:33","date_gmt":"2021-09-07T18:35:33","guid":{"rendered":"https:\/\/www.redenoticia.com.br\/noticia\/?p=210170"},"modified":"2021-09-07T15:35:33","modified_gmt":"2021-09-07T18:35:33","slug":"resumo-chiquititas-08-09-ernestina-volta-para-o-orfanato","status":"publish","type":"post","link":"https:\/\/migracao.redenoticia.com.br\/noticia\/2021\/resumo-chiquititas-08-09-ernestina-volta-para-o-orfanato\/210170","title":{"rendered":"Resumo \u201cChiquititas\u201d 08\/09: Ernestina volta para o orfanato"},"content":{"rendered":"<p><img loading=\"lazy\" decoding=\"async\" class=\"aligncenter size-full wp-image-195897\" src=\"https:\/\/migracao.redenoticia.com.br\/noticia\/imagens\/chiquititas-resumo-sinopse.jpg\" alt=\"\" width=\"1280\" height=\"720\" srcset=\"https:\/\/migracao.redenoticia.com.br\/noticia\/imagens\/chiquititas-resumo-sinopse.jpg 1280w, https:\/\/migracao.redenoticia.com.br\/noticia\/imagens\/chiquititas-resumo-sinopse-250x140.jpg 250w, https:\/\/migracao.redenoticia.com.br\/noticia\/imagens\/chiquititas-resumo-sinopse-400x225.jpg 400w, https:\/\/migracao.redenoticia.com.br\/noticia\/imagens\/chiquititas-resumo-sinopse-768x432.jpg 768w, https:\/\/migracao.redenoticia.com.br\/noticia\/imagens\/chiquititas-resumo-sinopse-150x85.jpg 150w, https:\/\/migracao.redenoticia.com.br\/noticia\/imagens\/chiquititas-resumo-sinopse-696x392.jpg 696w, https:\/\/migracao.redenoticia.com.br\/noticia\/imagens\/chiquititas-resumo-sinopse-1068x601.jpg 1068w\" sizes=\"auto, (max-width: 1280px) 100vw, 1280px\" \/><\/p>\n<p><strong><em>Resumo da novela \u201cChiquititas\u201d<\/em><\/strong> em 08\/09: no cap\u00edtulo 333(*) da novela, Ernestina conversa com o advogado Dr. Pequenotti antes do julgamento. Vivi v\u00ea as imagens da campanha de fotos que fez com Duda. Pata fica enciumada, mas disfar\u00e7a. Na mans\u00e3o dos Almeida Campos, Duda mostra as imagens para Mili. Marian faz fotos dos dois juntos escondida. Na escola, Thiago n\u00e3o tem coragem de dizer para Robson que ele pode ser seu pai. Cris e Andre tiram fotos deles mesmos para colocarem no site de not\u00edcias que est\u00e3o montando. Os dois conversam e Cris conta um segredo de seu passado. Cintia revela para Carmen que Carol estava no orfanato, pois estava desconfiada que elas estivessem atr\u00e1s das coisas ruins que ocorrem no local.<\/p>\n<p>Cintia diz ainda que afastou Carol do cargo de faxineira. Carmen alerta que precisam ficar atentas com Carol. Ernestina vai para seu julgamento para que seja liberta. Cintia e Carmen s\u00e3o abordadas por Carol e Junior na sala do orfanato. Os dois levam C\u00edcero e Ernestina (agora livre da cadeia), que acusam Cintia e Carmen de serem parceiras de Matilde nas maldades. Carmen diz que n\u00e3o sabia de nada e que foi enganada por Cintia e Matilde.<\/p>\n<p>Cintia deixa a dire\u00e7\u00e3o do orfanato, mas finge para Vivi que n\u00e3o fez nada. Chico explica para as chiquititas que essa se trata da verdadeira Ernestina e n\u00e3o da irm\u00e3 g\u00eamea dela, Matilde. Chico apresenta as novas chiquititas que Ernestina ainda n\u00e3o conhecia. Todas as chiquititas abra\u00e7am Ernestina. Chico diz que o motivo que levou Cintia a se juntar com Matilde ainda \u00e9 um mist\u00e9rio. Cintia chega em casa e conta para Matilde que Ernestina est\u00e1 livre. Pa\u00e7oca \u00e9 pressionado na rua pelos ex-colegas a pegar algo de valor na casa de Eduarda e entregar para eles.<\/p>\n<p>Carmen vai at\u00e9 a casa de Cintia e diz que fingiu n\u00e3o saber de nada para que n\u00e3o colocassem tudo a perder em rela\u00e7\u00e3o ao tesouro. Pa\u00e7oca pega objetos da casa de Eduarda. Gabriela faz uma pintura com o rosto de Miguel e Maria diz que a imagem \u00e9 muito parecida com o fantasma, que \u00e9 como a pequena chama Miguel. Na cadeia, Miguel se envolve em uma confus\u00e3o.<\/p>\n<p>(*) edi\u00e7\u00e3o das novelas do SBT, \u201cChiquititas\u201d, sujeito a altera\u00e7\u00e3o de data e conte\u00fado.<\/p>\n","protected":false},"excerpt":{"rendered":"<p>Resumo da novela \u201cChiquititas\u201d em 08\/09: no cap\u00edtulo 333(*) da novela, Ernestina conversa com o advogado Dr. Pequenotti antes do julgamento. Vivi v\u00ea as imagens da campanha de fotos que fez com Duda. Pata fica enciumada, mas disfar\u00e7a. Na mans\u00e3o dos Almeida Campos, Duda mostra as imagens para Mili. Marian faz fotos dos dois juntos [&hellip;]<\/p>\n","protected":false},"author":4,"featured_media":195894,"comment_status":"closed","ping_status":"closed","sticky":false,"template":"","format":"standard","meta":{"tdm_status":"","tdm_grid_status":"","footnotes":""},"categories":[409,379,2025,372,343],"tags":[441],"class_list":{"0":"post-210170","1":"post","2":"type-post","3":"status-publish","4":"format-standard","5":"has-post-thumbnail","7":"category-chiquititas","8":"category-novelas","9":"category-resumo","10":"category-sbt","11":"category-televisao","12":"tag-resumo-do-dia"},"_links":{"self":[{"href":"https:\/\/migracao.redenoticia.com.br\/noticia\/wp-json\/wp\/v2\/posts\/210170","targetHints":{"allow":["GET"]}}],"collection":[{"href":"https:\/\/migracao.redenoticia.com.br\/noticia\/wp-json\/wp\/v2\/posts"}],"about":[{"href":"https:\/\/migracao.redenoticia.com.br\/noticia\/wp-json\/wp\/v2\/types\/post"}],"author":[{"embeddable":true,"href":"https:\/\/migracao.redenoticia.com.br\/noticia\/wp-json\/wp\/v2\/users\/4"}],"replies":[{"embeddable":true,"href":"https:\/\/migracao.redenoticia.com.br\/noticia\/wp-json\/wp\/v2\/comments?post=210170"}],"version-history":[{"count":0,"href":"https:\/\/migracao.redenoticia.com.br\/noticia\/wp-json\/wp\/v2\/posts\/210170\/revisions"}],"wp:featuredmedia":[{"embeddable":true,"href":"https:\/\/migracao.redenoticia.com.br\/noticia\/wp-json\/wp\/v2\/media\/195894"}],"wp:attachment":[{"href":"https:\/\/migracao.redenoticia.com.br\/noticia\/wp-json\/wp\/v2\/media?parent=210170"}],"wp:term":[{"taxonomy":"category","embeddable":true,"href":"https:\/\/migracao.redenoticia.com.br\/noticia\/wp-json\/wp\/v2\/categories?post=210170"},{"taxonomy":"post_tag","embeddable":true,"href":"https:\/\/migracao.redenoticia.com.br\/noticia\/wp-json\/wp\/v2\/tags?post=210170"}],"curies":[{"name":"wp","href":"https:\/\/api.w.org\/{rel}","templated":true}]}}