{"id":210197,"date":"2021-09-08T16:57:07","date_gmt":"2021-09-08T19:57:07","guid":{"rendered":"https:\/\/www.redenoticia.com.br\/noticia\/?p=210197"},"modified":"2021-09-08T16:57:07","modified_gmt":"2021-09-08T19:57:07","slug":"resumo-imperio-09-09-maria-clara-ouve-maurilio-ameacar-cristina","status":"publish","type":"post","link":"https:\/\/migracao.redenoticia.com.br\/noticia\/2021\/resumo-imperio-09-09-maria-clara-ouve-maurilio-ameacar-cristina\/210197","title":{"rendered":"Resumo \u201cImp\u00e9rio\u201d 09\/09: Maria Clara ouve Maur\u00edlio amea\u00e7ar Cristina"},"content":{"rendered":"<p><img loading=\"lazy\" decoding=\"async\" class=\"aligncenter size-full wp-image-205063\" src=\"https:\/\/migracao.redenoticia.com.br\/noticia\/imagens\/novela-imperio-resumo-elenco.jpeg\" alt=\"\" width=\"1280\" height=\"720\" srcset=\"https:\/\/migracao.redenoticia.com.br\/noticia\/imagens\/novela-imperio-resumo-elenco.jpeg 1280w, https:\/\/migracao.redenoticia.com.br\/noticia\/imagens\/novela-imperio-resumo-elenco-250x140.jpeg 250w, https:\/\/migracao.redenoticia.com.br\/noticia\/imagens\/novela-imperio-resumo-elenco-400x225.jpeg 400w, https:\/\/migracao.redenoticia.com.br\/noticia\/imagens\/novela-imperio-resumo-elenco-768x432.jpeg 768w, https:\/\/migracao.redenoticia.com.br\/noticia\/imagens\/novela-imperio-resumo-elenco-150x85.jpeg 150w\" sizes=\"auto, (max-width: 1280px) 100vw, 1280px\" \/><\/p>\n<p><em><strong>Resumo novela \u201cImp\u00e9rio\u201d<\/strong><\/em> em 09\/09: no cap\u00edtulo 130(*) da novela, Maria Marta e Cristina pressionam Maur\u00edlio. Jos\u00e9 Pedro dispensa a ajuda de Cora. Danielle fala de Amanda para Cora. Felipe amea\u00e7a Cl\u00e1udio e Beatriz se preocupa com o marido. Maria Marta aceita o dinheiro de Maur\u00edlio e Cristina se irrita. Ismael reclama de Maur\u00edlio para Maria Clara. Merival vai \u00e0 delegacia para ajudar Cl\u00e1udio. Maria Clara ouve Maur\u00edlio amea\u00e7ar Cristina. Enrico avisa a T\u00e9o que Cl\u00e1udio foi preso.<\/p>\n<p>Jos\u00e9 Alfredo manda Josu\u00e9 investigar a vida de Maur\u00edlio. Cristina conta para Elivaldo que vai viajar. Maur\u00edlio paga Marc\u00e3o para lhe passar informa\u00e7\u00f5es sobre Cristina. Magn\u00f3lia defende Cl\u00e1udio das acusa\u00e7\u00f5es de Felipe. Marta entrega o dinheiro de Maur\u00edlio para Merival. Jos\u00e9 Pedro teme por sua integridade na cadeia. Cora pensa em como afastar Amanda de seu caminho. Maur\u00edlio faz um telefonema misterioso e fala sobre o futuro de Cristina.<\/p>\n<p>(*) edi\u00e7\u00e3o das novelas da Globo, \u201cImp\u00e9rio\u201d, sujeito a altera\u00e7\u00e3o de data e conte\u00fado.<\/p>\n<p>Sinopse Novela &#8220;Imp\u00e9rio&#8221;: hist\u00f3ria do pernambucano Jos\u00e9 Alfredo de Medeiros (Chay Suede\/Alexandre Nero), o homem de preto. Dono de uma rede de joalherias, o Comendador tem tr\u00eas filhos com a aristocrata falida Maria Marta Mendon\u00e7a e Albuquerque (Adriana Birolli\/Lilia Cabral): Jos\u00e9 Pedro (Caio Blat), Maria Clara (Andreia Horta) e Jo\u00e3o Lucas (Daniel Rocha). Os tr\u00eas disputam a heran\u00e7a da empresa constru\u00edda pelo pai. <\/p>\n","protected":false},"excerpt":{"rendered":"<p>Resumo novela \u201cImp\u00e9rio\u201d em 09\/09: no cap\u00edtulo 130(*) da novela, Maria Marta e Cristina pressionam Maur\u00edlio. Jos\u00e9 Pedro dispensa a ajuda de Cora. Danielle fala de Amanda para Cora. Felipe amea\u00e7a Cl\u00e1udio e Beatriz se preocupa com o marido. Maria Marta aceita o dinheiro de Maur\u00edlio e Cristina se irrita. Ismael reclama de Maur\u00edlio para [&hellip;]<\/p>\n","protected":false},"author":2,"featured_media":205061,"comment_status":"closed","ping_status":"closed","sticky":false,"template":"","format":"standard","meta":{"tdm_status":"","tdm_grid_status":"","footnotes":""},"categories":[2196,379,375,2025,343],"tags":[441],"class_list":{"0":"post-210197","1":"post","2":"type-post","3":"status-publish","4":"format-standard","5":"has-post-thumbnail","7":"category-imperio","8":"category-novelas","9":"category-rede-globo","10":"category-resumo","11":"category-televisao","12":"tag-resumo-do-dia"},"_links":{"self":[{"href":"https:\/\/migracao.redenoticia.com.br\/noticia\/wp-json\/wp\/v2\/posts\/210197","targetHints":{"allow":["GET"]}}],"collection":[{"href":"https:\/\/migracao.redenoticia.com.br\/noticia\/wp-json\/wp\/v2\/posts"}],"about":[{"href":"https:\/\/migracao.redenoticia.com.br\/noticia\/wp-json\/wp\/v2\/types\/post"}],"author":[{"embeddable":true,"href":"https:\/\/migracao.redenoticia.com.br\/noticia\/wp-json\/wp\/v2\/users\/2"}],"replies":[{"embeddable":true,"href":"https:\/\/migracao.redenoticia.com.br\/noticia\/wp-json\/wp\/v2\/comments?post=210197"}],"version-history":[{"count":0,"href":"https:\/\/migracao.redenoticia.com.br\/noticia\/wp-json\/wp\/v2\/posts\/210197\/revisions"}],"wp:featuredmedia":[{"embeddable":true,"href":"https:\/\/migracao.redenoticia.com.br\/noticia\/wp-json\/wp\/v2\/media\/205061"}],"wp:attachment":[{"href":"https:\/\/migracao.redenoticia.com.br\/noticia\/wp-json\/wp\/v2\/media?parent=210197"}],"wp:term":[{"taxonomy":"category","embeddable":true,"href":"https:\/\/migracao.redenoticia.com.br\/noticia\/wp-json\/wp\/v2\/categories?post=210197"},{"taxonomy":"post_tag","embeddable":true,"href":"https:\/\/migracao.redenoticia.com.br\/noticia\/wp-json\/wp\/v2\/tags?post=210197"}],"curies":[{"name":"wp","href":"https:\/\/api.w.org\/{rel}","templated":true}]}}