{"id":210199,"date":"2021-09-08T16:51:23","date_gmt":"2021-09-08T19:51:23","guid":{"rendered":"https:\/\/www.redenoticia.com.br\/noticia\/?p=210199"},"modified":"2021-09-08T16:51:23","modified_gmt":"2021-09-08T19:51:23","slug":"novela-malhacao-sonhos-09-09-lobao-e-gael-decidem-se-unir-para-procurar-karina","status":"publish","type":"post","link":"https:\/\/migracao.redenoticia.com.br\/noticia\/2021\/novela-malhacao-sonhos-09-09-lobao-e-gael-decidem-se-unir-para-procurar-karina\/210199","title":{"rendered":"Novela &#8220;Malha\u00e7\u00e3o&#8221; Sonhos 09\/09: Lob\u00e3o e Gael decidem se unir para procurar Karina"},"content":{"rendered":"<p> <img loading=\"lazy\" decoding=\"async\" class=\"aligncenter size-full wp-image-202688\" src=\"https:\/\/migracao.redenoticia.com.br\/noticia\/imagens\/malhacao-sonhos-elenco-protagonistas.jpg\" alt=\"\" width=\"1280\" height=\"720\" srcset=\"https:\/\/migracao.redenoticia.com.br\/noticia\/imagens\/malhacao-sonhos-elenco-protagonistas.jpg 1280w, https:\/\/migracao.redenoticia.com.br\/noticia\/imagens\/malhacao-sonhos-elenco-protagonistas-250x140.jpg 250w, https:\/\/migracao.redenoticia.com.br\/noticia\/imagens\/malhacao-sonhos-elenco-protagonistas-400x225.jpg 400w, https:\/\/migracao.redenoticia.com.br\/noticia\/imagens\/malhacao-sonhos-elenco-protagonistas-768x432.jpg 768w, https:\/\/migracao.redenoticia.com.br\/noticia\/imagens\/malhacao-sonhos-elenco-protagonistas-150x85.jpg 150w\" sizes=\"auto, (max-width: 1280px) 100vw, 1280px\" \/><\/p>\n<p><em><strong>Resumo da novela &#8220;Malha\u00e7\u00e3o&#8221; Sonhos<\/strong><\/em> em 09\/09: no cap\u00edtulo 163(*) da novela, mesmo amarrada, Karina adormece com o carinho de Pedro. Wallace se desculpa com B\u00e1rbara e garante \u00e0 amiga que n\u00e3o deixar\u00e1 Sol ofend\u00ea-la. Lob\u00e3o se enfurece com o sumi\u00e7o de Karina. Nat conta para Duca que Karina desapareceu, e o rapaz avisa a Gael. Lob\u00e3o e Gael decidem se unir para procurar Karina. Delma descobre que Pedro tamb\u00e9m sumiu.<\/p>\n<p>Jeff e Mari sonham em ficar perto da Ribalta, e Lincoln tem uma ideia. Nando teme a f\u00faria de Gael ao descobrir seu envolvimento no sumi\u00e7o de Karina. Gael e Lob\u00e3o decidem ir at\u00e9 a delegacia. Lincoln sugere que Roberta abra um quiosque de comida em sua academia, e a empres\u00e1ria exige que Marcelo pe\u00e7a permiss\u00e3o. Jade consegue abrir a porta do banheiro e v\u00ea Karina e Pedro junto<\/p>\n<p>(*) edi\u00e7\u00e3o das novelas da Globo, \u201cMalha\u00e7\u00e3o\u201d Sonhos, sujeito a altera\u00e7\u00e3o de data e conte\u00fado.<\/p>\n<p>Sinopse Novela &#8220;Malha\u00e7\u00e3o&#8221; Sonhos: Formar campe\u00f5es e repassar os princ\u00edpios das artes marciais para os alunos s\u00e3o alguns dos sonhos de Gael (Eriberto Le\u00e3o). Duca (Arthur Aguiar) \u00e9 seu melhor atleta. Ele est\u00e1 sempre acompanhado dos amigos Z\u00e9 (Bruno Fraga) e Marc\u00e3o (Jean Amorim). Karina (Isabella Santoni), filha de Gael, n\u00e3o aceita que o pai s\u00f3 tenha olhos para Duca e treina para ser uma grande lutadora. A ca\u00e7ula do mestre \u00e9 apaixonada pelo disc\u00edpulo do pai e n\u00e3o sabe que ele e sua irm\u00e3, Bianca (Bruna Ham\u00fa), est\u00e3o prestes a assumir o namoro.<\/p>\n","protected":false},"excerpt":{"rendered":"<p>Resumo da novela &#8220;Malha\u00e7\u00e3o&#8221; Sonhos em 09\/09: no cap\u00edtulo 163(*) da novela, mesmo amarrada, Karina adormece com o carinho de Pedro. Wallace se desculpa com B\u00e1rbara e garante \u00e0 amiga que n\u00e3o deixar\u00e1 Sol ofend\u00ea-la. Lob\u00e3o se enfurece com o sumi\u00e7o de Karina. Nat conta para Duca que Karina desapareceu, e o rapaz avisa a [&hellip;]<\/p>\n","protected":false},"author":2,"featured_media":202687,"comment_status":"closed","ping_status":"closed","sticky":false,"template":"","format":"standard","meta":{"tdm_status":"","tdm_grid_status":"","footnotes":""},"categories":[447,379,375,2025,343],"tags":[441],"class_list":{"0":"post-210199","1":"post","2":"type-post","3":"status-publish","4":"format-standard","5":"has-post-thumbnail","7":"category-malhacao","8":"category-novelas","9":"category-rede-globo","10":"category-resumo","11":"category-televisao","12":"tag-resumo-do-dia"},"_links":{"self":[{"href":"https:\/\/migracao.redenoticia.com.br\/noticia\/wp-json\/wp\/v2\/posts\/210199","targetHints":{"allow":["GET"]}}],"collection":[{"href":"https:\/\/migracao.redenoticia.com.br\/noticia\/wp-json\/wp\/v2\/posts"}],"about":[{"href":"https:\/\/migracao.redenoticia.com.br\/noticia\/wp-json\/wp\/v2\/types\/post"}],"author":[{"embeddable":true,"href":"https:\/\/migracao.redenoticia.com.br\/noticia\/wp-json\/wp\/v2\/users\/2"}],"replies":[{"embeddable":true,"href":"https:\/\/migracao.redenoticia.com.br\/noticia\/wp-json\/wp\/v2\/comments?post=210199"}],"version-history":[{"count":0,"href":"https:\/\/migracao.redenoticia.com.br\/noticia\/wp-json\/wp\/v2\/posts\/210199\/revisions"}],"wp:featuredmedia":[{"embeddable":true,"href":"https:\/\/migracao.redenoticia.com.br\/noticia\/wp-json\/wp\/v2\/media\/202687"}],"wp:attachment":[{"href":"https:\/\/migracao.redenoticia.com.br\/noticia\/wp-json\/wp\/v2\/media?parent=210199"}],"wp:term":[{"taxonomy":"category","embeddable":true,"href":"https:\/\/migracao.redenoticia.com.br\/noticia\/wp-json\/wp\/v2\/categories?post=210199"},{"taxonomy":"post_tag","embeddable":true,"href":"https:\/\/migracao.redenoticia.com.br\/noticia\/wp-json\/wp\/v2\/tags?post=210199"}],"curies":[{"name":"wp","href":"https:\/\/api.w.org\/{rel}","templated":true}]}}