{"id":210206,"date":"2021-09-08T16:54:54","date_gmt":"2021-09-08T19:54:54","guid":{"rendered":"https:\/\/www.redenoticia.com.br\/noticia\/?p=210206"},"modified":"2021-09-08T16:54:54","modified_gmt":"2021-09-08T19:54:54","slug":"resumo-coracao-indomavel-09-09-maria-alessandra-coloca-a-venda-o-cassino","status":"publish","type":"post","link":"https:\/\/migracao.redenoticia.com.br\/noticia\/2021\/resumo-coracao-indomavel-09-09-maria-alessandra-coloca-a-venda-o-cassino\/210206","title":{"rendered":"Resumo &#8220;Cora\u00e7\u00e3o Indom\u00e1vel&#8221; 09\/09: Maria Alessandra coloca \u00e0 venda o cassino"},"content":{"rendered":"<p> <img loading=\"lazy\" decoding=\"async\" class=\"aligncenter size-full wp-image-206134\" src=\"https:\/\/migracao.redenoticia.com.br\/noticia\/imagens\/coracao-indomavel-resumo-novela-elenco.jpeg\" alt=\"\" width=\"1280\" height=\"720\" srcset=\"https:\/\/migracao.redenoticia.com.br\/noticia\/imagens\/coracao-indomavel-resumo-novela-elenco.jpeg 1280w, https:\/\/migracao.redenoticia.com.br\/noticia\/imagens\/coracao-indomavel-resumo-novela-elenco-250x140.jpeg 250w, https:\/\/migracao.redenoticia.com.br\/noticia\/imagens\/coracao-indomavel-resumo-novela-elenco-400x225.jpeg 400w, https:\/\/migracao.redenoticia.com.br\/noticia\/imagens\/coracao-indomavel-resumo-novela-elenco-768x432.jpeg 768w, https:\/\/migracao.redenoticia.com.br\/noticia\/imagens\/coracao-indomavel-resumo-novela-elenco-150x85.jpeg 150w\" sizes=\"auto, (max-width: 1280px) 100vw, 1280px\" \/><\/p>\n<p><strong><em>Resumo da novela &#8220;Cora\u00e7\u00e3o Indom\u00e1vel&#8221;<\/em><\/strong> em 09\/09: no cap\u00edtulo 078(*) da novela, Maria Alessandra diz a Karim que ela dever\u00e1 deixar Ilha Dourada nos pr\u00f3ximos dias, e lhe oferece sua parte no cassino, Karim se nega a compra-la. Na fazenda Narv\u00e1ez, Nazario se aproxima de Ot\u00e1vio, o pedindo trabalho, Ot\u00e1vio diz que a fazenda foi vendida e que j\u00e1 n\u00e3o pode mais empreg\u00e1-lo. Simone diz a Esther que Ot\u00e1vio vai viver em sua fazenda. Nazario pensa que com a venda da fazenda Narv\u00e1ez, j\u00e1 n\u00e3o poder\u00e1 mais descobrir quem matou seu irm\u00e3o Eus\u00e9bio. Simone diz a Esther que provavelmente os engenheiros que est\u00e3o no Realengo, est\u00e3o atr\u00e1s das riquezas que todos dizem ter ali. Ricardo diz a seu comparsa que ter\u00e3o que ser muito cautelosos para se apoderar das terras do Realengo. L\u00facia chega \u00e0 fazenda Narv\u00e1ez. Of\u00e9lia diz a Santa que, sob ordens de Lucia, j\u00e1 pode ir embora da fazenda. Esther aconselha Ot\u00e1vio a se casar com Simone.<\/p>\n<p>Maria Alessandra diz a Raiza que vender\u00e1 sua parte no cassino e lhe dar\u00e1 uma boa gratifica\u00e7\u00e3o por seus servi\u00e7os. Esther diz a Ot\u00e1vio que uma mulher foi quem comprou a Fazenda Narv\u00e1ez. L\u00facia comenta com Of\u00e9lia como foi a vingan\u00e7a de Maricruz e que agora est\u00e1 disposta a se vingar dela pela humilha\u00e7\u00e3o que passou. Maria Alessandra pede a Tony que publique um an\u00fancio com a venda do cassino, ela diz que ele n\u00e3o deve se preocupar, pois vai pedir ao novo dono que deixe ele e Raiza \u00e0 frente da administra\u00e7\u00e3o do local. Na cabana de Jos\u00e9 Antonio, ele pede a Lucia que leve Esther embora, Lucia diz que ele \u00e9 quem deve tirar a esposa de toda aquela mis\u00e9ria. L\u00facia e Jos\u00e9 Antonio discutem, e ele a chama de assassina. Lucia diz a Esther que vai lhe mandar coisas da fazenda Narv\u00e1ez, para que viva em melhores condi\u00e7\u00f5es. Lina pede a Esther que n\u00e3o v\u00e1 embora do realengo. Lucia pergunta a Ot\u00e1vio se ele j\u00e1 pensou na possibilidade de se casar com Simone. Ot\u00e1vio promete a Simone se casar com ela assim que sair o div\u00f3rcio com Maricruz. Ot\u00e1vio e Simone se beijam. Teobaldo diz a Maria Alessandra que pretende convencer Karim a comprar suas a\u00e7\u00f5es do Barco Cassino.<\/p>\n<p>(*) edi\u00e7\u00e3o das novelas do SBT, &#8220;Cora\u00e7\u00e3o Indom\u00e1vel&#8221;, sujeito a altera\u00e7\u00e3o de data e conte\u00fado.<\/p>\n<p>Sinopse &#8220;Cora\u00e7\u00e3o Indom\u00e1vel&#8221;: A novela conta a hist\u00f3ria da pobre Maricruz que, ap\u00f3s ter sido abandonada pelo marido, decide se vingar daqueles que a humilharam. Ela descobre ser filha de um homem rico, tornando-se uma mulher da alta sociedade.<\/p>\n","protected":false},"excerpt":{"rendered":"<p>Resumo da novela &#8220;Cora\u00e7\u00e3o Indom\u00e1vel&#8221; em 09\/09: no cap\u00edtulo 078(*) da novela, Maria Alessandra diz a Karim que ela dever\u00e1 deixar Ilha Dourada nos pr\u00f3ximos dias, e lhe oferece sua parte no cassino, Karim se nega a compra-la. Na fazenda Narv\u00e1ez, Nazario se aproxima de Ot\u00e1vio, o pedindo trabalho, Ot\u00e1vio diz que a fazenda foi [&hellip;]<\/p>\n","protected":false},"author":2,"featured_media":206133,"comment_status":"closed","ping_status":"closed","sticky":false,"template":"","format":"standard","meta":{"tdm_status":"","tdm_grid_status":"","footnotes":""},"categories":[2200,379,2025,372,343],"tags":[441],"class_list":{"0":"post-210206","1":"post","2":"type-post","3":"status-publish","4":"format-standard","5":"has-post-thumbnail","7":"category-coracao-indomavel","8":"category-novelas","9":"category-resumo","10":"category-sbt","11":"category-televisao","12":"tag-resumo-do-dia"},"_links":{"self":[{"href":"https:\/\/migracao.redenoticia.com.br\/noticia\/wp-json\/wp\/v2\/posts\/210206","targetHints":{"allow":["GET"]}}],"collection":[{"href":"https:\/\/migracao.redenoticia.com.br\/noticia\/wp-json\/wp\/v2\/posts"}],"about":[{"href":"https:\/\/migracao.redenoticia.com.br\/noticia\/wp-json\/wp\/v2\/types\/post"}],"author":[{"embeddable":true,"href":"https:\/\/migracao.redenoticia.com.br\/noticia\/wp-json\/wp\/v2\/users\/2"}],"replies":[{"embeddable":true,"href":"https:\/\/migracao.redenoticia.com.br\/noticia\/wp-json\/wp\/v2\/comments?post=210206"}],"version-history":[{"count":0,"href":"https:\/\/migracao.redenoticia.com.br\/noticia\/wp-json\/wp\/v2\/posts\/210206\/revisions"}],"wp:featuredmedia":[{"embeddable":true,"href":"https:\/\/migracao.redenoticia.com.br\/noticia\/wp-json\/wp\/v2\/media\/206133"}],"wp:attachment":[{"href":"https:\/\/migracao.redenoticia.com.br\/noticia\/wp-json\/wp\/v2\/media?parent=210206"}],"wp:term":[{"taxonomy":"category","embeddable":true,"href":"https:\/\/migracao.redenoticia.com.br\/noticia\/wp-json\/wp\/v2\/categories?post=210206"},{"taxonomy":"post_tag","embeddable":true,"href":"https:\/\/migracao.redenoticia.com.br\/noticia\/wp-json\/wp\/v2\/tags?post=210206"}],"curies":[{"name":"wp","href":"https:\/\/api.w.org\/{rel}","templated":true}]}}