{"id":210234,"date":"2021-09-09T16:51:47","date_gmt":"2021-09-09T19:51:47","guid":{"rendered":"https:\/\/www.redenoticia.com.br\/noticia\/?p=210234"},"modified":"2021-09-09T16:51:47","modified_gmt":"2021-09-09T19:51:47","slug":"resumo-imperio-10-09-cora-flagra-jose-alfredo-saindo-do-bar-do-manoel","status":"publish","type":"post","link":"https:\/\/migracao.redenoticia.com.br\/noticia\/2021\/resumo-imperio-10-09-cora-flagra-jose-alfredo-saindo-do-bar-do-manoel\/210234","title":{"rendered":"Resumo \u201cImp\u00e9rio\u201d 10\/09: Cora flagra Jos\u00e9 Alfredo saindo do bar do Manoel"},"content":{"rendered":"<p> <img loading=\"lazy\" decoding=\"async\" class=\"aligncenter size-full wp-image-205063\" src=\"https:\/\/migracao.redenoticia.com.br\/noticia\/imagens\/novela-imperio-resumo-elenco.jpeg\" alt=\"\" width=\"1280\" height=\"720\" srcset=\"https:\/\/migracao.redenoticia.com.br\/noticia\/imagens\/novela-imperio-resumo-elenco.jpeg 1280w, https:\/\/migracao.redenoticia.com.br\/noticia\/imagens\/novela-imperio-resumo-elenco-250x140.jpeg 250w, https:\/\/migracao.redenoticia.com.br\/noticia\/imagens\/novela-imperio-resumo-elenco-400x225.jpeg 400w, https:\/\/migracao.redenoticia.com.br\/noticia\/imagens\/novela-imperio-resumo-elenco-768x432.jpeg 768w, https:\/\/migracao.redenoticia.com.br\/noticia\/imagens\/novela-imperio-resumo-elenco-150x85.jpeg 150w\" sizes=\"auto, (max-width: 1280px) 100vw, 1280px\" \/><\/p>\n<p><em><strong>Resumo novela \u201cImp\u00e9rio\u201d<\/strong><\/em> em 10\/09: no cap\u00edtulo 131(*) da novela, Maur\u00edlio reclama das suspeitas de Cristina. Antoninho sugere que Jos\u00e9 Alfredo fa\u00e7a uma viagem. O Comendador fala pra Josu\u00e9 que ir\u00e1 com ele para S\u00e3o Jo\u00e3o Del Rey. Cristina diz \u00e0 Jurema que vai ao Monte Roraima. Jurema vasculha o quarto de Cora em busca de pistas sobre Jairo. Cora visita Amanda. Jos\u00e9 Pedro discute com outros presos. Jos\u00e9 Pedro \u00e9 solto. T\u00e9o comemora o sucesso de seu blog. Luigi briga com Felipe no restaurante.<\/p>\n<p>Cl\u00e1udio mostra a confiss\u00e3o de Felipe \u00e0 Beatriz e \u00e0 Bianca. Cora diz \u00e0 Amanda que tem um caso com Jos\u00e9 Pedro. Silviano expulsa Cora da cobertura. Maria Marta alfineta Maur\u00edlio. Xana e Nan\u00e1 conversam sobre Luciano. Salvador pede a Orville para conhecer o dep\u00f3sito dos quadros. Helena desconfia do leil\u00e3o das obras de Salvador. Marisa diz a Josu\u00e9 que vai sentir saudades quando ele viajar. Jos\u00e9 Alfredo termina de arrumar as malas. Cristina se despede da fam\u00edlia antes da viagem. Cora flagra Jos\u00e9 Alfredo saindo do bar do Manoel.<\/p>\n<p>(*) edi\u00e7\u00e3o das novelas da Globo, \u201cImp\u00e9rio\u201d, sujeito a altera\u00e7\u00e3o de data e conte\u00fado.<\/p>\n<p>Sinopse Novela &#8220;Imp\u00e9rio&#8221;: hist\u00f3ria do pernambucano Jos\u00e9 Alfredo de Medeiros (Chay Suede\/Alexandre Nero), o homem de preto. Dono de uma rede de joalherias, o Comendador tem tr\u00eas filhos com a aristocrata falida Maria Marta Mendon\u00e7a e Albuquerque (Adriana Birolli\/Lilia Cabral): Jos\u00e9 Pedro (Caio Blat), Maria Clara (Andreia Horta) e Jo\u00e3o Lucas (Daniel Rocha). Os tr\u00eas disputam a heran\u00e7a da empresa constru\u00edda pelo pai. <\/p>\n","protected":false},"excerpt":{"rendered":"<p>Resumo novela \u201cImp\u00e9rio\u201d em 10\/09: no cap\u00edtulo 131(*) da novela, Maur\u00edlio reclama das suspeitas de Cristina. Antoninho sugere que Jos\u00e9 Alfredo fa\u00e7a uma viagem. O Comendador fala pra Josu\u00e9 que ir\u00e1 com ele para S\u00e3o Jo\u00e3o Del Rey. Cristina diz \u00e0 Jurema que vai ao Monte Roraima. Jurema vasculha o quarto de Cora em busca [&hellip;]<\/p>\n","protected":false},"author":2,"featured_media":205061,"comment_status":"closed","ping_status":"closed","sticky":false,"template":"","format":"standard","meta":{"tdm_status":"","tdm_grid_status":"","footnotes":""},"categories":[2196,379,375,2025,343],"tags":[441],"class_list":{"0":"post-210234","1":"post","2":"type-post","3":"status-publish","4":"format-standard","5":"has-post-thumbnail","7":"category-imperio","8":"category-novelas","9":"category-rede-globo","10":"category-resumo","11":"category-televisao","12":"tag-resumo-do-dia"},"_links":{"self":[{"href":"https:\/\/migracao.redenoticia.com.br\/noticia\/wp-json\/wp\/v2\/posts\/210234","targetHints":{"allow":["GET"]}}],"collection":[{"href":"https:\/\/migracao.redenoticia.com.br\/noticia\/wp-json\/wp\/v2\/posts"}],"about":[{"href":"https:\/\/migracao.redenoticia.com.br\/noticia\/wp-json\/wp\/v2\/types\/post"}],"author":[{"embeddable":true,"href":"https:\/\/migracao.redenoticia.com.br\/noticia\/wp-json\/wp\/v2\/users\/2"}],"replies":[{"embeddable":true,"href":"https:\/\/migracao.redenoticia.com.br\/noticia\/wp-json\/wp\/v2\/comments?post=210234"}],"version-history":[{"count":0,"href":"https:\/\/migracao.redenoticia.com.br\/noticia\/wp-json\/wp\/v2\/posts\/210234\/revisions"}],"wp:featuredmedia":[{"embeddable":true,"href":"https:\/\/migracao.redenoticia.com.br\/noticia\/wp-json\/wp\/v2\/media\/205061"}],"wp:attachment":[{"href":"https:\/\/migracao.redenoticia.com.br\/noticia\/wp-json\/wp\/v2\/media?parent=210234"}],"wp:term":[{"taxonomy":"category","embeddable":true,"href":"https:\/\/migracao.redenoticia.com.br\/noticia\/wp-json\/wp\/v2\/categories?post=210234"},{"taxonomy":"post_tag","embeddable":true,"href":"https:\/\/migracao.redenoticia.com.br\/noticia\/wp-json\/wp\/v2\/tags?post=210234"}],"curies":[{"name":"wp","href":"https:\/\/api.w.org\/{rel}","templated":true}]}}