{"id":210243,"date":"2021-09-09T16:50:59","date_gmt":"2021-09-09T19:50:59","guid":{"rendered":"https:\/\/www.redenoticia.com.br\/noticia\/?p=210243"},"modified":"2021-09-09T16:50:59","modified_gmt":"2021-09-09T19:50:59","slug":"resumo-tititi-10-09-luti-se-declara-para-camila","status":"publish","type":"post","link":"https:\/\/migracao.redenoticia.com.br\/noticia\/2021\/resumo-tititi-10-09-luti-se-declara-para-camila\/210243","title":{"rendered":"Resumo \u201cTiTiTi\u201d 10\/09: Luti se declara para Camila"},"content":{"rendered":"<p> <img loading=\"lazy\" decoding=\"async\" src=\"https:\/\/migracao.redenoticia.com.br\/noticia\/imagens\/tititi-elenco-personagens.jpeg\" alt=\"\" width=\"1280\" height=\"720\" class=\"aligncenter size-full wp-image-204657\" srcset=\"https:\/\/migracao.redenoticia.com.br\/noticia\/imagens\/tititi-elenco-personagens.jpeg 1280w, https:\/\/migracao.redenoticia.com.br\/noticia\/imagens\/tititi-elenco-personagens-250x140.jpeg 250w, https:\/\/migracao.redenoticia.com.br\/noticia\/imagens\/tititi-elenco-personagens-400x225.jpeg 400w, https:\/\/migracao.redenoticia.com.br\/noticia\/imagens\/tititi-elenco-personagens-768x432.jpeg 768w, https:\/\/migracao.redenoticia.com.br\/noticia\/imagens\/tititi-elenco-personagens-150x85.jpeg 150w\" sizes=\"auto, (max-width: 1280px) 100vw, 1280px\" \/><\/p>\n<p><em><strong>Resumo da novela \u201cTiTiTi\u201d<\/strong><\/em> em 10\/09: no cap\u00edtulo 120(*) da novela, Camila salva Luti e \u00e9 atropelada por Pedro. Cec\u00edlia sonha que Luti \u00e9 atacado por Valentim e avisa Ariclenes. Camila e Pedro s\u00e3o levados para o hospital. Gino questiona Jorgito sobre St\u00e9fany. Rebeca amea\u00e7a processar Pedro por tentativa de homic\u00eddio. Gino fica dividido entre o sonho de ser pai e o amor por Rebeca. Marcela leva Paulinho para a casa de Bruna e \u00e9 surpreendida pela chegada de Edgar com Lu\u00edsa.<\/p>\n<p>\u00c9rico aconselha Renato a se aperfei\u00e7oar, mas lhe d\u00e1 uma oportunidade na ag\u00eancia. Luti se declara para Camila. Magda procura Valentim. St\u00e9fany se insinua para Jorgito. Desir\u00e9e corta o p\u00e9 e Armandinho a socorre. Breno diz a Eduardo que Tha\u00edsa gosta dele. Isabel conta para Marcela que Renato trabalhar\u00e1 com seu irm\u00e3o. Lu\u00edsa aparece no apartamento de Marcela.<\/p>\n<p>Clotilde arma um plano para Camila<\/p>\n<p>Renato expulsa Luisa. Tha\u00edsa confessa que est\u00e1 apaixonada por Eduardo e os dois se beijam. Marcela briga com Renato por ci\u00fames de Isabel. Amanda se sente culpada ao ver que a m\u00e3e voltou a costurar para as vizinhas. Marta v\u00ea Ariclenes e Suzana se beijando. Luti pede a Rebeca para passar a noite no hospital com Camila. Mabi descobre que a crise entre Jacques e Clotilde \u00e9 uma farsa.<\/p>\n<p>Pedro nota que perdeu o carinho da av\u00f3. Amanda percebe que Marta gosta de Ariclenes. Julinho fica sabendo que Eduardo est\u00e1 namorando Tha\u00edsa. Clotilde ouve Rebeca dizer a Ariclenes que pode produzir o pr\u00eat-\u00e0-porter de Valentim. Clotilde arma um plano para Camila acreditar que Luti s\u00f3 est\u00e1 com ela por gratid\u00e3o. O estado de Desir\u00e9e piora e Armandinho se desespera. Edgar convida Marcela para um piquenique.<\/p>\n<p>(*) edi\u00e7\u00e3o das novelas da Globo, \u201cTiTiTi\u201d, sujeito a altera\u00e7\u00e3o de data e conte\u00fado.<\/p>\n<p>Sinopse &#8220;TiTiTi&#8221;: Alexandre Borges e Murilo Ben\u00edcio interpretam os rivais da hist\u00f3ria, respectivamente Jacques Leclair e Victor Valentim, que passam a novela inteira se digladiando para ver quem sobressai no mundo na moda como estilista bem-sucedido, com o nome transformado em grife e as cole\u00e7\u00f5es desfiladas nas grandes semanas de moda e fotografadas para as revistas de celebridades.<\/p>\n","protected":false},"excerpt":{"rendered":"<p>Resumo da novela \u201cTiTiTi\u201d em 10\/09: no cap\u00edtulo 120(*) da novela, Camila salva Luti e \u00e9 atropelada por Pedro. Cec\u00edlia sonha que Luti \u00e9 atacado por Valentim e avisa Ariclenes. Camila e Pedro s\u00e3o levados para o hospital. Gino questiona Jorgito sobre St\u00e9fany. Rebeca amea\u00e7a processar Pedro por tentativa de homic\u00eddio. Gino fica dividido entre [&hellip;]<\/p>\n","protected":false},"author":2,"featured_media":204655,"comment_status":"closed","ping_status":"closed","sticky":false,"template":"","format":"standard","meta":{"tdm_status":"","tdm_grid_status":"","footnotes":""},"categories":[379,375,2025,343,2193],"tags":[441],"class_list":{"0":"post-210243","1":"post","2":"type-post","3":"status-publish","4":"format-standard","5":"has-post-thumbnail","7":"category-novelas","8":"category-rede-globo","9":"category-resumo","10":"category-televisao","11":"category-tititi","12":"tag-resumo-do-dia"},"_links":{"self":[{"href":"https:\/\/migracao.redenoticia.com.br\/noticia\/wp-json\/wp\/v2\/posts\/210243","targetHints":{"allow":["GET"]}}],"collection":[{"href":"https:\/\/migracao.redenoticia.com.br\/noticia\/wp-json\/wp\/v2\/posts"}],"about":[{"href":"https:\/\/migracao.redenoticia.com.br\/noticia\/wp-json\/wp\/v2\/types\/post"}],"author":[{"embeddable":true,"href":"https:\/\/migracao.redenoticia.com.br\/noticia\/wp-json\/wp\/v2\/users\/2"}],"replies":[{"embeddable":true,"href":"https:\/\/migracao.redenoticia.com.br\/noticia\/wp-json\/wp\/v2\/comments?post=210243"}],"version-history":[{"count":0,"href":"https:\/\/migracao.redenoticia.com.br\/noticia\/wp-json\/wp\/v2\/posts\/210243\/revisions"}],"wp:featuredmedia":[{"embeddable":true,"href":"https:\/\/migracao.redenoticia.com.br\/noticia\/wp-json\/wp\/v2\/media\/204655"}],"wp:attachment":[{"href":"https:\/\/migracao.redenoticia.com.br\/noticia\/wp-json\/wp\/v2\/media?parent=210243"}],"wp:term":[{"taxonomy":"category","embeddable":true,"href":"https:\/\/migracao.redenoticia.com.br\/noticia\/wp-json\/wp\/v2\/categories?post=210243"},{"taxonomy":"post_tag","embeddable":true,"href":"https:\/\/migracao.redenoticia.com.br\/noticia\/wp-json\/wp\/v2\/tags?post=210243"}],"curies":[{"name":"wp","href":"https:\/\/api.w.org\/{rel}","templated":true}]}}