{"id":210263,"date":"2021-09-10T14:03:00","date_gmt":"2021-09-10T17:03:00","guid":{"rendered":"https:\/\/www.redenoticia.com.br\/noticia\/?p=210263"},"modified":"2021-09-10T14:03:00","modified_gmt":"2021-09-10T17:03:00","slug":"resumo-chiquititas-11-09-maria-quer-voltar-a-morar-no-orfanato","status":"publish","type":"post","link":"https:\/\/migracao.redenoticia.com.br\/noticia\/2021\/resumo-chiquititas-11-09-maria-quer-voltar-a-morar-no-orfanato\/210263","title":{"rendered":"Resumo \u201cChiquititas\u201d 11\/09: Maria quer voltar a morar no orfanato"},"content":{"rendered":"<p><img loading=\"lazy\" decoding=\"async\" class=\"aligncenter size-full wp-image-195897\" src=\"https:\/\/migracao.redenoticia.com.br\/noticia\/imagens\/chiquititas-resumo-sinopse.jpg\" alt=\"\" width=\"1280\" height=\"720\" srcset=\"https:\/\/migracao.redenoticia.com.br\/noticia\/imagens\/chiquititas-resumo-sinopse.jpg 1280w, https:\/\/migracao.redenoticia.com.br\/noticia\/imagens\/chiquititas-resumo-sinopse-250x140.jpg 250w, https:\/\/migracao.redenoticia.com.br\/noticia\/imagens\/chiquititas-resumo-sinopse-400x225.jpg 400w, https:\/\/migracao.redenoticia.com.br\/noticia\/imagens\/chiquititas-resumo-sinopse-768x432.jpg 768w, https:\/\/migracao.redenoticia.com.br\/noticia\/imagens\/chiquititas-resumo-sinopse-150x85.jpg 150w, https:\/\/migracao.redenoticia.com.br\/noticia\/imagens\/chiquititas-resumo-sinopse-696x392.jpg 696w, https:\/\/migracao.redenoticia.com.br\/noticia\/imagens\/chiquititas-resumo-sinopse-1068x601.jpg 1068w\" sizes=\"auto, (max-width: 1280px) 100vw, 1280px\" \/><\/p>\n<p><strong><em>Resumo da novela \u201cChiquititas\u201d<\/em><\/strong> em 11\/09: no cap\u00edtulo 336(*) da novela, Duda d\u00e1 em cima de Vivi, Pata v\u00ea e fica irritada com a amiga. Vivi confirma, mas diz que n\u00e3o deu bola e ficou sem saber o que fazer. Mili pede para Marian parar de mentir. Marian diz que disse a verdade. Sim\u00e3o aparece e Marian o chama de empregado. Mosca diz que Marian n\u00e3o mudou nada. O garoto diz que confia em Mili. Mili fica na mans\u00e3o dos Almeida Campos para esperar Gabriela voltar. Maria chora. Leandra confirma para Bia que foi ela quem recebeu a m\u00e3e dela no passado. Leandra disse que nunca contou para Geraldo e que errou por ci\u00fame. Leandra pede perd\u00e3o. Bia perdoa a mulher.<\/p>\n<p>Enquanto isso, Geraldo conversa com Carol sobre sua situa\u00e7\u00e3o com Bia. Geraldo volta para a sala e Leandra conta que disse toda verdade para a pequena. Bia diz que n\u00e3o possui motivo para ficar brava com Geraldo e pede desculpa para o pai. Geraldo tamb\u00e9m pede perd\u00e3o. Os dois choram, se abra\u00e7am e se chamam pela primeira vez de pai e filha. Maria diz que errou ao acreditar que Marian mudou. Gabriela chega em casa e descobre que Marian fez novas maldades. Andr\u00e9 e Cris v\u00e3o atr\u00e1s da poss\u00edvel m\u00e3e dela. Gabriela conversa com Marian e chama aten\u00e7\u00e3o dela. Mosca questiona Duda se ele est\u00e1 dando em cima de Mili. Duda nega, mas provoca Mosca. Os dois quase brigam.<\/p>\n<p>Mosca conta para Pata sobre Duda. Maria diz para Gabriela que quer voltar para o orfanato. Gabriela fica triste, mas diz que entende. Maria volta para o orfanato e diz que Marian mentiu para todos. Pata briga com Mili devido ao v\u00eddeo que Marian fez dela com Duda. Tobias e Maria Cec\u00edlia voltam para casa. Eduarda fica muito feliz e apresenta Pa\u00e7oca para os dois. C\u00edcero vai at\u00e9 o orfanato conversar com Vivi e diz que n\u00e3o permite a viagem dela com Cintia. Vivi fica inconformada.<\/p>\n<p>Samuca consegue decifrar o enigma<\/p>\n<p>Maria Cec\u00edlia diz para m\u00e3e que deve ser perigoso deixar Pa\u00e7oca morar em casa. Eduarda diz que o garoto possui um bom cora\u00e7\u00e3o e que fez bem pra ela. Maria Cec\u00edlia diz que acabou de chegar de uma experi\u00eancia dif\u00edcil e que quer sossego em casa. Eduarda diz que dar\u00e1 um jeito. As crian\u00e7as menores encontram na diretoria do orfanato uma caixa de Marian, que est\u00e1 fechada com cadeado. Na mans\u00e3o dos Almeida Campos, Marian provoca Duda durante o jantar e tira Gabriela do s\u00e9rio. Tati diz para Teca, Maria e Ana que essa \u00e9 uma caixa que Marian n\u00e3o quis comentar sobre o conte\u00fado na \u00e9poca em que ela chegou ao orfanato. Todas decidem espiar o que tem dentro da caixa.<\/p>\n<p>Mili diz para Mosca que Pata est\u00e1 chateada com ela. Mosca tamb\u00e9m est\u00e1 chateado, mas diz que ir\u00e1 relevar, pois confia nela. Mili diz que ama o garoto. As pequenas levam a caixa de Marian para que Samuca abra. As Chiquititas n\u00e3o deixam que ele veja o que \u00e9. As pequenas encontram joias dentro da caixa e uma pintura antiga, que \u00e9 uma das quatro telas dos cavaleiros (que leva ao tesouro). As pequenas se perguntam sobre o que \u00e9 a pintura. Samuca diz para L\u00facia, Neco e Binho que descobriu como abrir a porta secreta dos t\u00faneis do orfanato. Ele explica sobre a chave mestra, mas a chave n\u00e3o abre a porta.<\/p>\n<p>Samuca diz ainda que conseguiu decifrar boa parte do enigma. Junior e Carol dizem ter uma surpresa para Dani, trata-se de Tobias. No por\u00e3o do orfanato, Samuca consegue decifrar o enigma das palavras e as letras em cima da porta ficam douradas. Samuca deseja a chave para abrir a porta para o objeto oval e consegue a mesma. Ao abrir a porta sai uma forte luz. Os quatro entram numa sala com cavaleiros nas paredes e se deparam com outra porta, com um desenho dos quatro cavaleiros (o mesmo das quatro pinturas). As crian\u00e7as n\u00e3o sabem o que significa a imagem.<\/p>\n<p>Thiago fica triste por n\u00e3o ter sido escolhido para fazer parte do time de futebol da escola. No dia seguinte, Carmen escuta as crian\u00e7as falando sobre o tesouro. A vil\u00e3 avisa Matilde e Cintia que precisam agir com urg\u00eancia. Junior e Carol convidam Ernestina e Chico para serem os padrinhos de casamento. Matilde vai disfar\u00e7ada para os t\u00faneis do orfanato com Cintia e Carmen. Lucia escuta barulho no t\u00fanel e se pergunta quem \u00e9.<\/p>\n<p>(*) edi\u00e7\u00e3o das novelas do SBT, \u201cChiquititas\u201d, sujeito a altera\u00e7\u00e3o de data e conte\u00fado.<\/p>\n","protected":false},"excerpt":{"rendered":"<p>Resumo da novela \u201cChiquititas\u201d em 11\/09: no cap\u00edtulo 336(*) da novela, Duda d\u00e1 em cima de Vivi, Pata v\u00ea e fica irritada com a amiga. Vivi confirma, mas diz que n\u00e3o deu bola e ficou sem saber o que fazer. Mili pede para Marian parar de mentir. Marian diz que disse a verdade. Sim\u00e3o aparece [&hellip;]<\/p>\n","protected":false},"author":4,"featured_media":195894,"comment_status":"closed","ping_status":"closed","sticky":false,"template":"","format":"standard","meta":{"tdm_status":"","tdm_grid_status":"","footnotes":""},"categories":[409,379,2025,372,343],"tags":[441],"class_list":{"0":"post-210263","1":"post","2":"type-post","3":"status-publish","4":"format-standard","5":"has-post-thumbnail","7":"category-chiquititas","8":"category-novelas","9":"category-resumo","10":"category-sbt","11":"category-televisao","12":"tag-resumo-do-dia"},"_links":{"self":[{"href":"https:\/\/migracao.redenoticia.com.br\/noticia\/wp-json\/wp\/v2\/posts\/210263","targetHints":{"allow":["GET"]}}],"collection":[{"href":"https:\/\/migracao.redenoticia.com.br\/noticia\/wp-json\/wp\/v2\/posts"}],"about":[{"href":"https:\/\/migracao.redenoticia.com.br\/noticia\/wp-json\/wp\/v2\/types\/post"}],"author":[{"embeddable":true,"href":"https:\/\/migracao.redenoticia.com.br\/noticia\/wp-json\/wp\/v2\/users\/4"}],"replies":[{"embeddable":true,"href":"https:\/\/migracao.redenoticia.com.br\/noticia\/wp-json\/wp\/v2\/comments?post=210263"}],"version-history":[{"count":0,"href":"https:\/\/migracao.redenoticia.com.br\/noticia\/wp-json\/wp\/v2\/posts\/210263\/revisions"}],"wp:featuredmedia":[{"embeddable":true,"href":"https:\/\/migracao.redenoticia.com.br\/noticia\/wp-json\/wp\/v2\/media\/195894"}],"wp:attachment":[{"href":"https:\/\/migracao.redenoticia.com.br\/noticia\/wp-json\/wp\/v2\/media?parent=210263"}],"wp:term":[{"taxonomy":"category","embeddable":true,"href":"https:\/\/migracao.redenoticia.com.br\/noticia\/wp-json\/wp\/v2\/categories?post=210263"},{"taxonomy":"post_tag","embeddable":true,"href":"https:\/\/migracao.redenoticia.com.br\/noticia\/wp-json\/wp\/v2\/tags?post=210263"}],"curies":[{"name":"wp","href":"https:\/\/api.w.org\/{rel}","templated":true}]}}