{"id":210269,"date":"2021-09-10T14:08:01","date_gmt":"2021-09-10T17:08:01","guid":{"rendered":"https:\/\/www.redenoticia.com.br\/noticia\/?p=210269"},"modified":"2021-09-10T14:08:01","modified_gmt":"2021-09-10T17:08:01","slug":"resumo-imperio-11-09-cora-conta-a-todos-que-viu-jose-alfredo","status":"publish","type":"post","link":"https:\/\/migracao.redenoticia.com.br\/noticia\/2021\/resumo-imperio-11-09-cora-conta-a-todos-que-viu-jose-alfredo\/210269","title":{"rendered":"Resumo \u201cImp\u00e9rio\u201d 11\/09: Cora conta a todos que viu Jos\u00e9 Alfredo"},"content":{"rendered":"<p><img loading=\"lazy\" decoding=\"async\" class=\"aligncenter size-full wp-image-205063\" src=\"https:\/\/migracao.redenoticia.com.br\/noticia\/imagens\/novela-imperio-resumo-elenco.jpeg\" alt=\"\" width=\"1280\" height=\"720\" srcset=\"https:\/\/migracao.redenoticia.com.br\/noticia\/imagens\/novela-imperio-resumo-elenco.jpeg 1280w, https:\/\/migracao.redenoticia.com.br\/noticia\/imagens\/novela-imperio-resumo-elenco-250x140.jpeg 250w, https:\/\/migracao.redenoticia.com.br\/noticia\/imagens\/novela-imperio-resumo-elenco-400x225.jpeg 400w, https:\/\/migracao.redenoticia.com.br\/noticia\/imagens\/novela-imperio-resumo-elenco-768x432.jpeg 768w, https:\/\/migracao.redenoticia.com.br\/noticia\/imagens\/novela-imperio-resumo-elenco-150x85.jpeg 150w\" sizes=\"auto, (max-width: 1280px) 100vw, 1280px\" \/><\/p>\n<p><em><strong>Resumo novela \u201cImp\u00e9rio\u201d<\/strong><\/em> em 11\/09: no cap\u00edtulo 132(*) da novela, Cora exige que Manoel fale para onde Jos\u00e9 Alfredo foi. Cl\u00e1udio vai at\u00e9 o hotel de Enrico. Clara\u00edde e Maria Marta conversam sobre o Jos\u00e9 Alfredo. Marc\u00e3o fala para Maur\u00edlio que Cristina viajou. Jos\u00e9 Alfredo liga para Maria \u00cdsis. Jo\u00e3o Lucas liga para Maria \u00cdsis, mas desiste antes que ela atenda. Maur\u00edlio descobre que Cristina est\u00e1 indo \u00e0 Genebra. Jo\u00e3o Lucas conversa com Maria Marta sobre a sua paternidade.<\/p>\n<p>Maria \u00cdsis retorna a chamada de Jo\u00e3o Lucas e Du atende. Jos\u00e9 Alfredo chega a S\u00e3o Jo\u00e3o Del Rey. Maria Clara e Jo\u00e3o Lucas questionam Jos\u00e9 Pedro. Amanda tem uma ideia de neg\u00f3cio para Leonardo. Josu\u00e9 entrega para Jos\u00e9 Alfredo uma c\u00f3pia da certid\u00e3o de casamento de Maur\u00edlio. Cora vai \u00e0 joalheria Imp\u00e9rio e conta a todos que viu Jos\u00e9 Alfredo. Jos\u00e9 Alfredo conversa com Jesu\u00edna.<\/p>\n<p>(*) edi\u00e7\u00e3o das novelas da Globo, \u201cImp\u00e9rio\u201d, sujeito a altera\u00e7\u00e3o de data e conte\u00fado.<\/p>\n<p>Sinopse Novela &#8220;Imp\u00e9rio&#8221;: hist\u00f3ria do pernambucano Jos\u00e9 Alfredo de Medeiros (Chay Suede\/Alexandre Nero), o homem de preto. Dono de uma rede de joalherias, o Comendador tem tr\u00eas filhos com a aristocrata falida Maria Marta Mendon\u00e7a e Albuquerque (Adriana Birolli\/Lilia Cabral): Jos\u00e9 Pedro (Caio Blat), Maria Clara (Andreia Horta) e Jo\u00e3o Lucas (Daniel Rocha). Os tr\u00eas disputam a heran\u00e7a da empresa constru\u00edda pelo pai.<\/p>\n","protected":false},"excerpt":{"rendered":"<p>Resumo novela \u201cImp\u00e9rio\u201d em 11\/09: no cap\u00edtulo 132(*) da novela, Cora exige que Manoel fale para onde Jos\u00e9 Alfredo foi. Cl\u00e1udio vai at\u00e9 o hotel de Enrico. Clara\u00edde e Maria Marta conversam sobre o Jos\u00e9 Alfredo. Marc\u00e3o fala para Maur\u00edlio que Cristina viajou. Jos\u00e9 Alfredo liga para Maria \u00cdsis. Jo\u00e3o Lucas liga para Maria \u00cdsis, [&hellip;]<\/p>\n","protected":false},"author":4,"featured_media":205061,"comment_status":"closed","ping_status":"closed","sticky":false,"template":"","format":"standard","meta":{"tdm_status":"","tdm_grid_status":"","footnotes":""},"categories":[2196,379,375,2025,343],"tags":[441],"class_list":{"0":"post-210269","1":"post","2":"type-post","3":"status-publish","4":"format-standard","5":"has-post-thumbnail","7":"category-imperio","8":"category-novelas","9":"category-rede-globo","10":"category-resumo","11":"category-televisao","12":"tag-resumo-do-dia"},"_links":{"self":[{"href":"https:\/\/migracao.redenoticia.com.br\/noticia\/wp-json\/wp\/v2\/posts\/210269","targetHints":{"allow":["GET"]}}],"collection":[{"href":"https:\/\/migracao.redenoticia.com.br\/noticia\/wp-json\/wp\/v2\/posts"}],"about":[{"href":"https:\/\/migracao.redenoticia.com.br\/noticia\/wp-json\/wp\/v2\/types\/post"}],"author":[{"embeddable":true,"href":"https:\/\/migracao.redenoticia.com.br\/noticia\/wp-json\/wp\/v2\/users\/4"}],"replies":[{"embeddable":true,"href":"https:\/\/migracao.redenoticia.com.br\/noticia\/wp-json\/wp\/v2\/comments?post=210269"}],"version-history":[{"count":0,"href":"https:\/\/migracao.redenoticia.com.br\/noticia\/wp-json\/wp\/v2\/posts\/210269\/revisions"}],"wp:featuredmedia":[{"embeddable":true,"href":"https:\/\/migracao.redenoticia.com.br\/noticia\/wp-json\/wp\/v2\/media\/205061"}],"wp:attachment":[{"href":"https:\/\/migracao.redenoticia.com.br\/noticia\/wp-json\/wp\/v2\/media?parent=210269"}],"wp:term":[{"taxonomy":"category","embeddable":true,"href":"https:\/\/migracao.redenoticia.com.br\/noticia\/wp-json\/wp\/v2\/categories?post=210269"},{"taxonomy":"post_tag","embeddable":true,"href":"https:\/\/migracao.redenoticia.com.br\/noticia\/wp-json\/wp\/v2\/tags?post=210269"}],"curies":[{"name":"wp","href":"https:\/\/api.w.org\/{rel}","templated":true}]}}