{"id":210319,"date":"2021-09-12T17:10:44","date_gmt":"2021-09-12T20:10:44","guid":{"rendered":"https:\/\/www.redenoticia.com.br\/noticia\/?p=210319"},"modified":"2021-09-12T17:10:44","modified_gmt":"2021-09-12T20:10:44","slug":"resumo-tititi-13-09-marta-ve-ariclenes-e-suzana-se-beijar","status":"publish","type":"post","link":"https:\/\/migracao.redenoticia.com.br\/noticia\/2021\/resumo-tititi-13-09-marta-ve-ariclenes-e-suzana-se-beijar\/210319","title":{"rendered":"Resumo \u201cTiTiTi\u201d 13\/09: Marta v\u00ea Ariclenes e Suzana se beijar"},"content":{"rendered":"<p> <img loading=\"lazy\" decoding=\"async\" src=\"https:\/\/migracao.redenoticia.com.br\/noticia\/imagens\/tititi-elenco-personagens.jpeg\" alt=\"\" width=\"1280\" height=\"720\" class=\"aligncenter size-full wp-image-204657\" srcset=\"https:\/\/migracao.redenoticia.com.br\/noticia\/imagens\/tititi-elenco-personagens.jpeg 1280w, https:\/\/migracao.redenoticia.com.br\/noticia\/imagens\/tititi-elenco-personagens-250x140.jpeg 250w, https:\/\/migracao.redenoticia.com.br\/noticia\/imagens\/tititi-elenco-personagens-400x225.jpeg 400w, https:\/\/migracao.redenoticia.com.br\/noticia\/imagens\/tititi-elenco-personagens-768x432.jpeg 768w, https:\/\/migracao.redenoticia.com.br\/noticia\/imagens\/tititi-elenco-personagens-150x85.jpeg 150w\" sizes=\"auto, (max-width: 1280px) 100vw, 1280px\" \/><\/p>\n<p><em><strong>Resumo da novela \u201cTiTiTi\u201d<\/strong><\/em> em 13\/09: no cap\u00edtulo 121(*) da novela, Renato expulsa Luisa. Tha\u00edsa confessa que est\u00e1 apaixonada por Eduardo e os dois se beijam. Marcela briga com Renato por ci\u00fames de Isabel. Amanda se sente culpada ao ver que a m\u00e3e voltou a costurar para as vizinhas. Marta v\u00ea Ariclenes e Suzana se beijando. Luti pede a Rebeca para passar a noite no hospital com Camila. Mabi descobre que a crise entre Jacques e Clotilde \u00e9 uma farsa.<\/p>\n<p>Pedro nota que perdeu o carinho da av\u00f3. Amanda percebe que Marta gosta de Ariclenes. Julinho fica sabendo que Eduardo est\u00e1 namorando Tha\u00edsa. Clotilde ouve Rebeca dizer a Ariclenes que pode produzir o pr\u00eat-\u00e0-porter de Valentim. Clotilde arma um plano para Camila acreditar que Luti s\u00f3 est\u00e1 com ela por gratid\u00e3o. O estado de Desir\u00e9e piora e Armandinho se desespera. Edgar convida Marcela para um piquenique.<\/p>\n<p>Luti pede Camila em casamento<\/p>\n<p>Marcela aceita sair com Edgar. Luti pede Camila em casamento. Jacques exige que Clotilde deixe seus filhos fora da briga com Ariclenes. St\u00e9fany arma uma confus\u00e3o na casa de Nicole e Daguilene reaparece para surpresa de todos. Desir\u00e9e delira e chama por Jorgito. Beatrice M. critica o baixo n\u00edvel da disputa entre Jacques, Jaqueline e Valentim. Ariclenes e Marta se reconciliam. Stela diz que falta paix\u00e3o na nova cole\u00e7\u00e3o de Jaqueline.<\/p>\n<p>Isabel leva Renato ao curso de artes gr\u00e1ficas. Edgar questiona se Marcela ainda o ama. M\u00e1rio comenta que Dona Mocinha foi vedete e Ariclenes descobre que ela conheceu Cec\u00edlia. Julinho passeia com Thales em Saquarema. Jorgito procura St\u00e9fany no hotel. Armandinho v\u00ea um helic\u00f3ptero sobrevoando a ilha e tenta chamar aten\u00e7\u00e3o. Jaqueline chama Jacques ao ateli\u00ea. Ariclenes diz a Chico que j\u00e1 sabe o nome de Cec\u00edlia e suspeita que ela seja m\u00e3e de Jacques.<\/p>\n<p>(*) edi\u00e7\u00e3o das novelas da Globo, \u201cTiTiTi\u201d, sujeito a altera\u00e7\u00e3o de data e conte\u00fado.<\/p>\n<p>Sinopse &#8220;TiTiTi&#8221;: Alexandre Borges e Murilo Ben\u00edcio interpretam os rivais da hist\u00f3ria, respectivamente Jacques Leclair e Victor Valentim, que passam a novela inteira se digladiando para ver quem sobressai no mundo na moda como estilista bem-sucedido, com o nome transformado em grife e as cole\u00e7\u00f5es desfiladas nas grandes semanas de moda e fotografadas para as revistas de celebridades.<\/p>\n","protected":false},"excerpt":{"rendered":"<p>Resumo da novela \u201cTiTiTi\u201d em 13\/09: no cap\u00edtulo 121(*) da novela, Renato expulsa Luisa. Tha\u00edsa confessa que est\u00e1 apaixonada por Eduardo e os dois se beijam. Marcela briga com Renato por ci\u00fames de Isabel. Amanda se sente culpada ao ver que a m\u00e3e voltou a costurar para as vizinhas. Marta v\u00ea Ariclenes e Suzana se [&hellip;]<\/p>\n","protected":false},"author":2,"featured_media":204655,"comment_status":"closed","ping_status":"closed","sticky":false,"template":"","format":"standard","meta":{"tdm_status":"","tdm_grid_status":"","footnotes":""},"categories":[379,375,2025,343,2193],"tags":[441],"class_list":{"0":"post-210319","1":"post","2":"type-post","3":"status-publish","4":"format-standard","5":"has-post-thumbnail","7":"category-novelas","8":"category-rede-globo","9":"category-resumo","10":"category-televisao","11":"category-tititi","12":"tag-resumo-do-dia"},"_links":{"self":[{"href":"https:\/\/migracao.redenoticia.com.br\/noticia\/wp-json\/wp\/v2\/posts\/210319","targetHints":{"allow":["GET"]}}],"collection":[{"href":"https:\/\/migracao.redenoticia.com.br\/noticia\/wp-json\/wp\/v2\/posts"}],"about":[{"href":"https:\/\/migracao.redenoticia.com.br\/noticia\/wp-json\/wp\/v2\/types\/post"}],"author":[{"embeddable":true,"href":"https:\/\/migracao.redenoticia.com.br\/noticia\/wp-json\/wp\/v2\/users\/2"}],"replies":[{"embeddable":true,"href":"https:\/\/migracao.redenoticia.com.br\/noticia\/wp-json\/wp\/v2\/comments?post=210319"}],"version-history":[{"count":0,"href":"https:\/\/migracao.redenoticia.com.br\/noticia\/wp-json\/wp\/v2\/posts\/210319\/revisions"}],"wp:featuredmedia":[{"embeddable":true,"href":"https:\/\/migracao.redenoticia.com.br\/noticia\/wp-json\/wp\/v2\/media\/204655"}],"wp:attachment":[{"href":"https:\/\/migracao.redenoticia.com.br\/noticia\/wp-json\/wp\/v2\/media?parent=210319"}],"wp:term":[{"taxonomy":"category","embeddable":true,"href":"https:\/\/migracao.redenoticia.com.br\/noticia\/wp-json\/wp\/v2\/categories?post=210319"},{"taxonomy":"post_tag","embeddable":true,"href":"https:\/\/migracao.redenoticia.com.br\/noticia\/wp-json\/wp\/v2\/tags?post=210319"}],"curies":[{"name":"wp","href":"https:\/\/api.w.org\/{rel}","templated":true}]}}