{"id":210325,"date":"2021-09-12T17:15:31","date_gmt":"2021-09-12T20:15:31","guid":{"rendered":"https:\/\/www.redenoticia.com.br\/noticia\/?p=210325"},"modified":"2021-09-12T17:15:31","modified_gmt":"2021-09-12T20:15:31","slug":"resumo-coracao-indomavel-13-09-maricruz-e-raiza-se-despedem","status":"publish","type":"post","link":"https:\/\/migracao.redenoticia.com.br\/noticia\/2021\/resumo-coracao-indomavel-13-09-maricruz-e-raiza-se-despedem\/210325","title":{"rendered":"Resumo &#8220;Cora\u00e7\u00e3o Indom\u00e1vel&#8221; 13\/09: Maricruz e Raiza se despedem"},"content":{"rendered":"<p> <img loading=\"lazy\" decoding=\"async\" class=\"aligncenter size-full wp-image-206134\" src=\"https:\/\/migracao.redenoticia.com.br\/noticia\/imagens\/coracao-indomavel-resumo-novela-elenco.jpeg\" alt=\"\" width=\"1280\" height=\"720\" srcset=\"https:\/\/migracao.redenoticia.com.br\/noticia\/imagens\/coracao-indomavel-resumo-novela-elenco.jpeg 1280w, https:\/\/migracao.redenoticia.com.br\/noticia\/imagens\/coracao-indomavel-resumo-novela-elenco-250x140.jpeg 250w, https:\/\/migracao.redenoticia.com.br\/noticia\/imagens\/coracao-indomavel-resumo-novela-elenco-400x225.jpeg 400w, https:\/\/migracao.redenoticia.com.br\/noticia\/imagens\/coracao-indomavel-resumo-novela-elenco-768x432.jpeg 768w, https:\/\/migracao.redenoticia.com.br\/noticia\/imagens\/coracao-indomavel-resumo-novela-elenco-150x85.jpeg 150w\" sizes=\"auto, (max-width: 1280px) 100vw, 1280px\" \/><\/p>\n<p><strong><em>Resumo da novela &#8220;Cora\u00e7\u00e3o Indom\u00e1vel&#8221;<\/em><\/strong> em 13\/09: no cap\u00edtulo 080(*) da novela, Ot\u00e1vio se diz que estava pensando em Maricruz enquanto beijava Simone. Simone diz a Lucia que considera que Ot\u00e1vio \u00e9 seu, e far\u00e1 qualquer coisa para que assim siga sendo, inclusive se dispor a comprar a fazenda Narv\u00e1ez. Ot\u00e1vio pensa que a ideia de Simone de comprar a Fazenda Narv\u00e1ez pode ser muito boa. <\/p>\n<p>Simone diz a Lucia que pensou em dar trabalho na Fazenda \u201cA Simone\u201d para Of\u00e9lia, e que jamais permitir\u00e1 que tirem Ot\u00e1vio dela. D\u00f3ris diz a Maria Alessandra que far\u00e1 de tudo para que ela saia desprestigiada de Ilha Dourada. Maria Alessandra responde que algum dia Doris se lembrar\u00e1 dela. Ricardo diz a seu capanga que o governo se apropriou das terras do realengo pelas riquezas ali encontradas. Lucia diz a Esther que foi Maricruz quem comprou a Fazenda Narv\u00e1ez, e que ela aparecer\u00e1 por l\u00e1 a qualquer momento.<\/p>\n<p>Porfirio diz aos habitantes do realengo que encontraram muitas riquezas no Rio e que n\u00e3o podem permitir que pessoas de fora os desalojem. Lina diz a Esther que deseja que ela seja sua m\u00e3e, Esther aceita. Teobaldo convence Karim a comprar a totalidade das a\u00e7\u00f5es do cassino e se oferece para trabalhar como administrador do local. Lina diz a Esther querer viver com ela, porque sente que seu pai n\u00e3o a ama. Simone diz a Ot\u00e1vio que se ele a der uma oportunidade, ele jamais voltaria a se aproximar de Maricruz, e completa dizendo que ambos jamais voltaram a ver Maricruz. <\/p>\n<p>Teobaldo informa a Maricruz que Karim aceitou comprar sua parte no cassino. Maricruz diz a Teobaldo que ela nunca poder\u00e1 ser feliz. Simone diz a Santa que conseguir\u00e1 comprar a Fazenda Narv\u00e1ez e quando isso ocorra ir\u00e1 viver l\u00e1 junto a Ot\u00e1vio. Esther pede ao padre o necess\u00e1rio para poder ensinar as crian\u00e7as do Realengo, coisas b\u00e1sicas. Maria Alessandra diz a Raiza que Teobaldo tem uma nova personalidade. Ot\u00e1vio se disp\u00f5e a beijar Simone, mas se det\u00e9m quando se lembra novamente de Maricruz. Maricruz e Raiza se abra\u00e7am ao se despedirem.<\/p>\n<p>(*) edi\u00e7\u00e3o das novelas do SBT, &#8220;Cora\u00e7\u00e3o Indom\u00e1vel&#8221;, sujeito a altera\u00e7\u00e3o de data e conte\u00fado.<\/p>\n<p>Sinopse &#8220;Cora\u00e7\u00e3o Indom\u00e1vel&#8221;: A novela conta a hist\u00f3ria da pobre Maricruz que, ap\u00f3s ter sido abandonada pelo marido, decide se vingar daqueles que a humilharam. Ela descobre ser filha de um homem rico, tornando-se uma mulher da alta sociedade.<\/p>\n","protected":false},"excerpt":{"rendered":"<p>Resumo da novela &#8220;Cora\u00e7\u00e3o Indom\u00e1vel&#8221; em 13\/09: no cap\u00edtulo 080(*) da novela, Ot\u00e1vio se diz que estava pensando em Maricruz enquanto beijava Simone. Simone diz a Lucia que considera que Ot\u00e1vio \u00e9 seu, e far\u00e1 qualquer coisa para que assim siga sendo, inclusive se dispor a comprar a fazenda Narv\u00e1ez. Ot\u00e1vio pensa que a ideia [&hellip;]<\/p>\n","protected":false},"author":2,"featured_media":206133,"comment_status":"closed","ping_status":"closed","sticky":false,"template":"","format":"standard","meta":{"tdm_status":"","tdm_grid_status":"","footnotes":""},"categories":[2200,379,2025,372,343],"tags":[441],"class_list":{"0":"post-210325","1":"post","2":"type-post","3":"status-publish","4":"format-standard","5":"has-post-thumbnail","7":"category-coracao-indomavel","8":"category-novelas","9":"category-resumo","10":"category-sbt","11":"category-televisao","12":"tag-resumo-do-dia"},"_links":{"self":[{"href":"https:\/\/migracao.redenoticia.com.br\/noticia\/wp-json\/wp\/v2\/posts\/210325","targetHints":{"allow":["GET"]}}],"collection":[{"href":"https:\/\/migracao.redenoticia.com.br\/noticia\/wp-json\/wp\/v2\/posts"}],"about":[{"href":"https:\/\/migracao.redenoticia.com.br\/noticia\/wp-json\/wp\/v2\/types\/post"}],"author":[{"embeddable":true,"href":"https:\/\/migracao.redenoticia.com.br\/noticia\/wp-json\/wp\/v2\/users\/2"}],"replies":[{"embeddable":true,"href":"https:\/\/migracao.redenoticia.com.br\/noticia\/wp-json\/wp\/v2\/comments?post=210325"}],"version-history":[{"count":0,"href":"https:\/\/migracao.redenoticia.com.br\/noticia\/wp-json\/wp\/v2\/posts\/210325\/revisions"}],"wp:featuredmedia":[{"embeddable":true,"href":"https:\/\/migracao.redenoticia.com.br\/noticia\/wp-json\/wp\/v2\/media\/206133"}],"wp:attachment":[{"href":"https:\/\/migracao.redenoticia.com.br\/noticia\/wp-json\/wp\/v2\/media?parent=210325"}],"wp:term":[{"taxonomy":"category","embeddable":true,"href":"https:\/\/migracao.redenoticia.com.br\/noticia\/wp-json\/wp\/v2\/categories?post=210325"},{"taxonomy":"post_tag","embeddable":true,"href":"https:\/\/migracao.redenoticia.com.br\/noticia\/wp-json\/wp\/v2\/tags?post=210325"}],"curies":[{"name":"wp","href":"https:\/\/api.w.org\/{rel}","templated":true}]}}