{"id":210355,"date":"2021-09-13T17:29:09","date_gmt":"2021-09-13T20:29:09","guid":{"rendered":"https:\/\/www.redenoticia.com.br\/noticia\/?p=210355"},"modified":"2021-09-13T17:29:09","modified_gmt":"2021-09-13T20:29:09","slug":"resumo-imperio-14-09-jose-alfredo-descobre-quem-ajudou-o-filho-de-jesuina","status":"publish","type":"post","link":"https:\/\/migracao.redenoticia.com.br\/noticia\/2021\/resumo-imperio-14-09-jose-alfredo-descobre-quem-ajudou-o-filho-de-jesuina\/210355","title":{"rendered":"Resumo \u201cImp\u00e9rio\u201d 14\/09: Jos\u00e9 Alfredo descobre quem ajudou o filho de Jesu\u00edna"},"content":{"rendered":"<p><img loading=\"lazy\" decoding=\"async\" class=\"aligncenter size-full wp-image-205063\" src=\"https:\/\/migracao.redenoticia.com.br\/noticia\/imagens\/novela-imperio-resumo-elenco.jpeg\" alt=\"\" width=\"1280\" height=\"720\" srcset=\"https:\/\/migracao.redenoticia.com.br\/noticia\/imagens\/novela-imperio-resumo-elenco.jpeg 1280w, https:\/\/migracao.redenoticia.com.br\/noticia\/imagens\/novela-imperio-resumo-elenco-250x140.jpeg 250w, https:\/\/migracao.redenoticia.com.br\/noticia\/imagens\/novela-imperio-resumo-elenco-400x225.jpeg 400w, https:\/\/migracao.redenoticia.com.br\/noticia\/imagens\/novela-imperio-resumo-elenco-768x432.jpeg 768w, https:\/\/migracao.redenoticia.com.br\/noticia\/imagens\/novela-imperio-resumo-elenco-150x85.jpeg 150w\" sizes=\"auto, (max-width: 1280px) 100vw, 1280px\" \/><\/p>\n<p><em><strong>Resumo novela \u201cImp\u00e9rio\u201d<\/strong><\/em> em 14\/09: no cap\u00edtulo 134(*) da novela, Cora confirma a presen\u00e7a de Maria Marta no bar de Manoel. Xana afirma a Juliane que descobrir\u00e1 se Luciano est\u00e1 sendo bem tratado. Jos\u00e9 Alfredo pensa em sua conversa com Jesu\u00edna. Jos\u00e9 Pedro discute com Amanda. Bruna flagra Danielle escutando a grava\u00e7\u00e3o de uma conversa com Jos\u00e9 Pedro. Cl\u00e1udio sugere que Leonardo fa\u00e7a uma demonstra\u00e7\u00e3o de seus hamb\u00fargueres no restaurante.<\/p>\n<p>Marc\u00e3o ouve uma conversa entre Cristina e Elivaldo e conta para Maur\u00edlio. Du diz a Jo\u00e3o Lucas que \u00cdsis ligou para ele. Jos\u00e9 Alfredo pede para ver o atestado de \u00f3bito do filho de Jesu\u00edna. Marta surpreende Maur\u00edlio. Jos\u00e9 Alfredo descobre quem ajudou o filho de Jesu\u00edna.<\/p>\n<p>(*) edi\u00e7\u00e3o das novelas da Globo, \u201cImp\u00e9rio\u201d, sujeito a altera\u00e7\u00e3o de data e conte\u00fado.<\/p>\n<p>Sinopse Novela &#8220;Imp\u00e9rio&#8221;: hist\u00f3ria do pernambucano Jos\u00e9 Alfredo de Medeiros (Chay Suede\/Alexandre Nero), o homem de preto. Dono de uma rede de joalherias, o Comendador tem tr\u00eas filhos com a aristocrata falida Maria Marta Mendon\u00e7a e Albuquerque (Adriana Birolli\/Lilia Cabral): Jos\u00e9 Pedro (Caio Blat), Maria Clara (Andreia Horta) e Jo\u00e3o Lucas (Daniel Rocha). Os tr\u00eas disputam a heran\u00e7a da empresa constru\u00edda pelo pai.<\/p>\n","protected":false},"excerpt":{"rendered":"<p>Resumo novela \u201cImp\u00e9rio\u201d em 14\/09: no cap\u00edtulo 134(*) da novela, Cora confirma a presen\u00e7a de Maria Marta no bar de Manoel. Xana afirma a Juliane que descobrir\u00e1 se Luciano est\u00e1 sendo bem tratado. Jos\u00e9 Alfredo pensa em sua conversa com Jesu\u00edna. Jos\u00e9 Pedro discute com Amanda. Bruna flagra Danielle escutando a grava\u00e7\u00e3o de uma conversa [&hellip;]<\/p>\n","protected":false},"author":4,"featured_media":205061,"comment_status":"closed","ping_status":"closed","sticky":false,"template":"","format":"standard","meta":{"tdm_status":"","tdm_grid_status":"","footnotes":""},"categories":[2196,379,375,2025,343],"tags":[441],"class_list":{"0":"post-210355","1":"post","2":"type-post","3":"status-publish","4":"format-standard","5":"has-post-thumbnail","7":"category-imperio","8":"category-novelas","9":"category-rede-globo","10":"category-resumo","11":"category-televisao","12":"tag-resumo-do-dia"},"_links":{"self":[{"href":"https:\/\/migracao.redenoticia.com.br\/noticia\/wp-json\/wp\/v2\/posts\/210355","targetHints":{"allow":["GET"]}}],"collection":[{"href":"https:\/\/migracao.redenoticia.com.br\/noticia\/wp-json\/wp\/v2\/posts"}],"about":[{"href":"https:\/\/migracao.redenoticia.com.br\/noticia\/wp-json\/wp\/v2\/types\/post"}],"author":[{"embeddable":true,"href":"https:\/\/migracao.redenoticia.com.br\/noticia\/wp-json\/wp\/v2\/users\/4"}],"replies":[{"embeddable":true,"href":"https:\/\/migracao.redenoticia.com.br\/noticia\/wp-json\/wp\/v2\/comments?post=210355"}],"version-history":[{"count":0,"href":"https:\/\/migracao.redenoticia.com.br\/noticia\/wp-json\/wp\/v2\/posts\/210355\/revisions"}],"wp:featuredmedia":[{"embeddable":true,"href":"https:\/\/migracao.redenoticia.com.br\/noticia\/wp-json\/wp\/v2\/media\/205061"}],"wp:attachment":[{"href":"https:\/\/migracao.redenoticia.com.br\/noticia\/wp-json\/wp\/v2\/media?parent=210355"}],"wp:term":[{"taxonomy":"category","embeddable":true,"href":"https:\/\/migracao.redenoticia.com.br\/noticia\/wp-json\/wp\/v2\/categories?post=210355"},{"taxonomy":"post_tag","embeddable":true,"href":"https:\/\/migracao.redenoticia.com.br\/noticia\/wp-json\/wp\/v2\/tags?post=210355"}],"curies":[{"name":"wp","href":"https:\/\/api.w.org\/{rel}","templated":true}]}}