{"id":210376,"date":"2021-09-14T14:51:32","date_gmt":"2021-09-14T17:51:32","guid":{"rendered":"https:\/\/www.redenoticia.com.br\/noticia\/?p=210376"},"modified":"2021-09-14T14:51:32","modified_gmt":"2021-09-14T17:51:32","slug":"resumo-chiquititas-15-09-miguel-foge-da-cadeia","status":"publish","type":"post","link":"https:\/\/migracao.redenoticia.com.br\/noticia\/2021\/resumo-chiquititas-15-09-miguel-foge-da-cadeia\/210376","title":{"rendered":"Resumo \u201cChiquititas\u201d 15\/09: Miguel foge da cadeia"},"content":{"rendered":"<p><img loading=\"lazy\" decoding=\"async\" class=\"aligncenter size-full wp-image-195897\" src=\"https:\/\/migracao.redenoticia.com.br\/noticia\/imagens\/chiquititas-resumo-sinopse.jpg\" alt=\"\" width=\"1280\" height=\"720\" srcset=\"https:\/\/migracao.redenoticia.com.br\/noticia\/imagens\/chiquititas-resumo-sinopse.jpg 1280w, https:\/\/migracao.redenoticia.com.br\/noticia\/imagens\/chiquititas-resumo-sinopse-250x140.jpg 250w, https:\/\/migracao.redenoticia.com.br\/noticia\/imagens\/chiquititas-resumo-sinopse-400x225.jpg 400w, https:\/\/migracao.redenoticia.com.br\/noticia\/imagens\/chiquititas-resumo-sinopse-768x432.jpg 768w, https:\/\/migracao.redenoticia.com.br\/noticia\/imagens\/chiquititas-resumo-sinopse-150x85.jpg 150w, https:\/\/migracao.redenoticia.com.br\/noticia\/imagens\/chiquititas-resumo-sinopse-696x392.jpg 696w, https:\/\/migracao.redenoticia.com.br\/noticia\/imagens\/chiquititas-resumo-sinopse-1068x601.jpg 1068w\" sizes=\"auto, (max-width: 1280px) 100vw, 1280px\" \/><\/p>\n<p><strong><em>Resumo da novela \u201cChiquititas\u201d<\/em><\/strong> em 15\/09: no cap\u00edtulo 339(*) da novela, Lucia diz que entende Helena, que garante que a partir de agora as coisas v\u00e3o mudar e ela n\u00e3o ficar\u00e1 mais presa. Maria Cec\u00edlia chama \u00c9rica de canto e diz que ela j\u00e1 tentou atrapalhar sua vida. M  aria Cec\u00edlia a convida a se retirar. Carmen vai at\u00e9 a casa de Cintia e diz que encontrou uma das telas, que est\u00e1 com Marian. Elas precisam tentar encontrar Armando, que est\u00e1 com as duas telas restantes que est\u00e1 com ele. Mili pede para Carmen que devolva seu pingente que ficou guardado no banco durante o per\u00edodo que ela ficou cega. As meninas se arrumam para o segundo jogo de futebol para o campeonato.<\/p>\n<p>Mili acha que tem dado azar para o time de Mosca, pois est\u00e1 sem seu pingente. Na cadeia, Miguel consegue abrir um buraco maior na parede. Miguel consegue render um dos policiais e com a roupa dele foge da cadeia. Helena chega com Lucia no orfanato e as chiquititas dizem que ela deve brincar com as meninas. Pata mostra para Vivi que MC Gui lhe adicionou na rede social. Vivi diz para a amiga que contar\u00e1 para Duda que o MC Gui est\u00e1 a fim da Pata. Helena conhece Ernestina no orfanato. Sim\u00e3o leva uma cartilha com letras do alfabeto para que Valentina consiga se comunicar com ele na cl\u00ednica. A mulher pisca os olhos conforme a letra da palavra que ela quer formar.<\/p>\n<p>(*) edi\u00e7\u00e3o das novelas do SBT, \u201cChiquititas\u201d, sujeito a altera\u00e7\u00e3o de data e conte\u00fado.<\/p>\n","protected":false},"excerpt":{"rendered":"<p>Resumo da novela \u201cChiquititas\u201d em 15\/09: no cap\u00edtulo 339(*) da novela, Lucia diz que entende Helena, que garante que a partir de agora as coisas v\u00e3o mudar e ela n\u00e3o ficar\u00e1 mais presa. Maria Cec\u00edlia chama \u00c9rica de canto e diz que ela j\u00e1 tentou atrapalhar sua vida. M aria Cec\u00edlia a convida a se [&hellip;]<\/p>\n","protected":false},"author":4,"featured_media":195894,"comment_status":"closed","ping_status":"closed","sticky":false,"template":"","format":"standard","meta":{"tdm_status":"","tdm_grid_status":"","footnotes":""},"categories":[409,379,2025,372,343],"tags":[441],"class_list":{"0":"post-210376","1":"post","2":"type-post","3":"status-publish","4":"format-standard","5":"has-post-thumbnail","7":"category-chiquititas","8":"category-novelas","9":"category-resumo","10":"category-sbt","11":"category-televisao","12":"tag-resumo-do-dia"},"_links":{"self":[{"href":"https:\/\/migracao.redenoticia.com.br\/noticia\/wp-json\/wp\/v2\/posts\/210376","targetHints":{"allow":["GET"]}}],"collection":[{"href":"https:\/\/migracao.redenoticia.com.br\/noticia\/wp-json\/wp\/v2\/posts"}],"about":[{"href":"https:\/\/migracao.redenoticia.com.br\/noticia\/wp-json\/wp\/v2\/types\/post"}],"author":[{"embeddable":true,"href":"https:\/\/migracao.redenoticia.com.br\/noticia\/wp-json\/wp\/v2\/users\/4"}],"replies":[{"embeddable":true,"href":"https:\/\/migracao.redenoticia.com.br\/noticia\/wp-json\/wp\/v2\/comments?post=210376"}],"version-history":[{"count":0,"href":"https:\/\/migracao.redenoticia.com.br\/noticia\/wp-json\/wp\/v2\/posts\/210376\/revisions"}],"wp:featuredmedia":[{"embeddable":true,"href":"https:\/\/migracao.redenoticia.com.br\/noticia\/wp-json\/wp\/v2\/media\/195894"}],"wp:attachment":[{"href":"https:\/\/migracao.redenoticia.com.br\/noticia\/wp-json\/wp\/v2\/media?parent=210376"}],"wp:term":[{"taxonomy":"category","embeddable":true,"href":"https:\/\/migracao.redenoticia.com.br\/noticia\/wp-json\/wp\/v2\/categories?post=210376"},{"taxonomy":"post_tag","embeddable":true,"href":"https:\/\/migracao.redenoticia.com.br\/noticia\/wp-json\/wp\/v2\/tags?post=210376"}],"curies":[{"name":"wp","href":"https:\/\/api.w.org\/{rel}","templated":true}]}}