{"id":210378,"date":"2021-09-14T14:52:38","date_gmt":"2021-09-14T17:52:38","guid":{"rendered":"https:\/\/www.redenoticia.com.br\/noticia\/?p=210378"},"modified":"2021-09-14T14:52:38","modified_gmt":"2021-09-14T17:52:38","slug":"resumo-tititi-15-09-jorgito-descobre-que-stefany-armou-a-historia-do-sequestro","status":"publish","type":"post","link":"https:\/\/migracao.redenoticia.com.br\/noticia\/2021\/resumo-tititi-15-09-jorgito-descobre-que-stefany-armou-a-historia-do-sequestro\/210378","title":{"rendered":"Resumo \u201cTiTiTi\u201d 15\/09: Jorgito descobre que St\u00e9fany armou a hist\u00f3ria do sequestro"},"content":{"rendered":"<p><img decoding=\"async\" src=\"https:\/\/migracao.redenoticia.com.br\/noticia\/imagens\/tititi-elenco-personagens.jpeg\" alt=\"\" width=\"1280\" [contact-form][contact-field label=\"Nome\" type=\"name\"  required=\"true\" \/][contact-field label=\"E-mail\" type=\"email\" required=\"true\" \/][contact-field label=\"Site\" type=\"url\" \/][contact-field label=\"Mensagem\" type=\"textarea\" \/][\/contact-form]\n\nMagali rouba um beijo de Gino e se oferece para ser a m\u00e3e dos seus filhos. Julinho se decepciona com Thales. Stela aprova a nova cole\u00e7\u00e3o de Jaqueline. Camila se hospeda em um hotel fazenda e Luti n\u00e3o consegue falar com ela. Edgar manda um e-mail para a coluna de Marcela. Isabel d\u00e1 de presente para Renato um muro para ele grafitar. Suzana ouve Ariclenes dizer que quem faz as roupas de Valentim \u00e9 a m\u00e3e de Jacques.\n\nGra\u00e7a anuncia que est\u00e1 gr\u00e1vida de Alex\n\nSuzana exige que Ariclenes lhe conte sobre a rela\u00e7\u00e3o de Valentim com Cec\u00edlia. Desir\u00e9e volta para casa e conhece Daguilene. Suzana sugere que Ariclenes leve J\u00falia para ver Cec\u00edlia. Tha\u00edsa \u00e9 humilhada pelos amigos e Eduardo a defende. Armandinho conta para Desir\u00e9e que St\u00e9fany armou o sequestro para se aproximar de Jorgito. Rebeca visita Desir\u00e9e e percebe o clima de romance entre Gino e Magali.\n\nMarcela responde ao e-mail de Edgar. Gra\u00e7a anuncia que est\u00e1 gr\u00e1vida de Alex. Gino diz a Rebeca que n\u00e3o sabe se voltar\u00e1 a trabalhar na f\u00e1brica. \u00c9rico e Camila se implicam. Clotilde diz a Thales que Jaqueline o est\u00e1 traindo com Jacques. Edgar convida Marcela para sair. Ariclenes conta para Marta que Cec\u00edlia \u00e9 m\u00e3e de Jacques. Jaqueline chega em casa e encontra Thales inconsol\u00e1vel. Edgar fica com ci\u00fames de Marcela com Renato.\n\n(*) edi\u00e7\u00e3o das novelas da Globo, \u201cTiTiTi\u201d, sujeito a altera\u00e7\u00e3o de data e conte\u00fado.\n\nSinopse \"TiTiTi\": Alexandre Borges e Murilo Ben\u00edcio interpretam os rivais da hist\u00f3ria, respectivamente Jacques Leclair e Victor Valentim, que passam a novela inteira se digladiando para ver quem sobressai no mundo na moda como estilista bem-sucedido, com o nome transformado em grife e as cole\u00e7\u00f5es desfiladas nas grandes semanas de moda e fotografadas para as revistas de celebridades.\n<\/p>\n","protected":false},"excerpt":{"rendered":"","protected":false},"author":4,"featured_media":204655,"comment_status":"closed","ping_status":"closed","sticky":false,"template":"","format":"standard","meta":{"tdm_status":"","tdm_grid_status":"","footnotes":""},"categories":[379,375,2025,343,2193],"tags":[441],"class_list":{"0":"post-210378","1":"post","2":"type-post","3":"status-publish","4":"format-standard","5":"has-post-thumbnail","7":"category-novelas","8":"category-rede-globo","9":"category-resumo","10":"category-televisao","11":"category-tititi","12":"tag-resumo-do-dia"},"_links":{"self":[{"href":"https:\/\/migracao.redenoticia.com.br\/noticia\/wp-json\/wp\/v2\/posts\/210378","targetHints":{"allow":["GET"]}}],"collection":[{"href":"https:\/\/migracao.redenoticia.com.br\/noticia\/wp-json\/wp\/v2\/posts"}],"about":[{"href":"https:\/\/migracao.redenoticia.com.br\/noticia\/wp-json\/wp\/v2\/types\/post"}],"author":[{"embeddable":true,"href":"https:\/\/migracao.redenoticia.com.br\/noticia\/wp-json\/wp\/v2\/users\/4"}],"replies":[{"embeddable":true,"href":"https:\/\/migracao.redenoticia.com.br\/noticia\/wp-json\/wp\/v2\/comments?post=210378"}],"version-history":[{"count":0,"href":"https:\/\/migracao.redenoticia.com.br\/noticia\/wp-json\/wp\/v2\/posts\/210378\/revisions"}],"wp:featuredmedia":[{"embeddable":true,"href":"https:\/\/migracao.redenoticia.com.br\/noticia\/wp-json\/wp\/v2\/media\/204655"}],"wp:attachment":[{"href":"https:\/\/migracao.redenoticia.com.br\/noticia\/wp-json\/wp\/v2\/media?parent=210378"}],"wp:term":[{"taxonomy":"category","embeddable":true,"href":"https:\/\/migracao.redenoticia.com.br\/noticia\/wp-json\/wp\/v2\/categories?post=210378"},{"taxonomy":"post_tag","embeddable":true,"href":"https:\/\/migracao.redenoticia.com.br\/noticia\/wp-json\/wp\/v2\/tags?post=210378"}],"curies":[{"name":"wp","href":"https:\/\/api.w.org\/{rel}","templated":true}]}}