{"id":210461,"date":"2021-09-16T15:26:30","date_gmt":"2021-09-16T18:26:30","guid":{"rendered":"https:\/\/www.redenoticia.com.br\/noticia\/?p=210461"},"modified":"2021-09-16T15:26:30","modified_gmt":"2021-09-16T18:26:30","slug":"resumo-chiquititas-17-09-helena-pede-desculpa-a-neco","status":"publish","type":"post","link":"https:\/\/migracao.redenoticia.com.br\/noticia\/2021\/resumo-chiquititas-17-09-helena-pede-desculpa-a-neco\/210461","title":{"rendered":"Resumo \u201cChiquititas\u201d 17\/09: Helena pede desculpa a Neco"},"content":{"rendered":"<p><img loading=\"lazy\" decoding=\"async\" class=\"aligncenter size-full wp-image-195897\" src=\"https:\/\/migracao.redenoticia.com.br\/noticia\/imagens\/chiquititas-resumo-sinopse.jpg\" alt=\"\" width=\"1280\" height=\"720\" srcset=\"https:\/\/migracao.redenoticia.com.br\/noticia\/imagens\/chiquititas-resumo-sinopse.jpg 1280w, https:\/\/migracao.redenoticia.com.br\/noticia\/imagens\/chiquititas-resumo-sinopse-250x140.jpg 250w, https:\/\/migracao.redenoticia.com.br\/noticia\/imagens\/chiquititas-resumo-sinopse-400x225.jpg 400w, https:\/\/migracao.redenoticia.com.br\/noticia\/imagens\/chiquititas-resumo-sinopse-768x432.jpg 768w, https:\/\/migracao.redenoticia.com.br\/noticia\/imagens\/chiquititas-resumo-sinopse-150x85.jpg 150w, https:\/\/migracao.redenoticia.com.br\/noticia\/imagens\/chiquititas-resumo-sinopse-696x392.jpg 696w, https:\/\/migracao.redenoticia.com.br\/noticia\/imagens\/chiquititas-resumo-sinopse-1068x601.jpg 1068w\" sizes=\"auto, (max-width: 1280px) 100vw, 1280px\" \/><\/p>\n<p><strong><em>Resumo da novela \u201cChiquititas\u201d<\/em><\/strong> em 17\/09: no cap\u00edtulo 341(*) da novela, Ernestina fica irritada com Chico, que diz que nunca pensou em casamento. Vivi fica confusa se est\u00e1 gostando de Samuca. Em Natal, Junior brinca com Carol e a coloca na piscina com ele. Carmen vai ao orfanato e avisa as chiquititas que enquanto Carol estiver em lua de mel, ela ficar\u00e1 como diretora. Samuca pesquisa sobre as pinturas e Tati diz que j\u00e1 viu uma delas no orfanato.<\/p>\n<p>Robson vai at\u00e9 o orfanato conversar com Thiago e conta que quer fazer o exame de DNA, pois se for mesmo o pai dele, assumir\u00e1 todas as responsabilidades. A pedido de Gabriela, Sim\u00e3o passa antes na casa de Elisa e Joaquim. Os dois contam sobre ter ajudado Miguel, que foi fugido ap\u00f3s ser perseguido por pessoas a mando de Carmen. Matilde, Armando, Cintia, Carmem e Marian est\u00e3o juntos no t\u00fanel do orfanato com as quatro telas, que juntas se transformam com magia e abrem a porta.<\/p>\n<p>Na sala secreta n\u00e3o encontram tesouro e Carmen diz que precisam procurar e descobrir o enigma nas pedras do local. Helena chama Neco e pede desculpa ao garoto por tudo. Ela diz que consegue enxergar que realmente exagerou e que se n\u00e3o fosse o garoto a L\u00facia estaria presa em sua casa. Os dois se abra\u00e7am. Tati conta para Ana que existe um tesouro no orfanato.<\/p>\n<p>(*) edi\u00e7\u00e3o das novelas do SBT, \u201cChiquititas\u201d, sujeito a altera\u00e7\u00e3o de data e conte\u00fado.<\/p>\n","protected":false},"excerpt":{"rendered":"<p>Resumo da novela \u201cChiquititas\u201d em 17\/09: no cap\u00edtulo 341(*) da novela, Ernestina fica irritada com Chico, que diz que nunca pensou em casamento. Vivi fica confusa se est\u00e1 gostando de Samuca. Em Natal, Junior brinca com Carol e a coloca na piscina com ele. Carmen vai ao orfanato e avisa as chiquititas que enquanto Carol [&hellip;]<\/p>\n","protected":false},"author":4,"featured_media":195894,"comment_status":"closed","ping_status":"closed","sticky":false,"template":"","format":"standard","meta":{"tdm_status":"","tdm_grid_status":"","footnotes":""},"categories":[409,379,2025,372,343],"tags":[441],"class_list":{"0":"post-210461","1":"post","2":"type-post","3":"status-publish","4":"format-standard","5":"has-post-thumbnail","7":"category-chiquititas","8":"category-novelas","9":"category-resumo","10":"category-sbt","11":"category-televisao","12":"tag-resumo-do-dia"},"_links":{"self":[{"href":"https:\/\/migracao.redenoticia.com.br\/noticia\/wp-json\/wp\/v2\/posts\/210461","targetHints":{"allow":["GET"]}}],"collection":[{"href":"https:\/\/migracao.redenoticia.com.br\/noticia\/wp-json\/wp\/v2\/posts"}],"about":[{"href":"https:\/\/migracao.redenoticia.com.br\/noticia\/wp-json\/wp\/v2\/types\/post"}],"author":[{"embeddable":true,"href":"https:\/\/migracao.redenoticia.com.br\/noticia\/wp-json\/wp\/v2\/users\/4"}],"replies":[{"embeddable":true,"href":"https:\/\/migracao.redenoticia.com.br\/noticia\/wp-json\/wp\/v2\/comments?post=210461"}],"version-history":[{"count":0,"href":"https:\/\/migracao.redenoticia.com.br\/noticia\/wp-json\/wp\/v2\/posts\/210461\/revisions"}],"wp:featuredmedia":[{"embeddable":true,"href":"https:\/\/migracao.redenoticia.com.br\/noticia\/wp-json\/wp\/v2\/media\/195894"}],"wp:attachment":[{"href":"https:\/\/migracao.redenoticia.com.br\/noticia\/wp-json\/wp\/v2\/media?parent=210461"}],"wp:term":[{"taxonomy":"category","embeddable":true,"href":"https:\/\/migracao.redenoticia.com.br\/noticia\/wp-json\/wp\/v2\/categories?post=210461"},{"taxonomy":"post_tag","embeddable":true,"href":"https:\/\/migracao.redenoticia.com.br\/noticia\/wp-json\/wp\/v2\/tags?post=210461"}],"curies":[{"name":"wp","href":"https:\/\/api.w.org\/{rel}","templated":true}]}}