{"id":210528,"date":"2021-09-17T15:24:01","date_gmt":"2021-09-17T18:24:01","guid":{"rendered":"https:\/\/www.redenoticia.com.br\/noticia\/?p=210528"},"modified":"2021-09-17T15:24:01","modified_gmt":"2021-09-17T18:24:01","slug":"resumo-imperio-18-09-maria-marta-exige-que-cristina-se-demita-da-imperio","status":"publish","type":"post","link":"https:\/\/migracao.redenoticia.com.br\/noticia\/2021\/resumo-imperio-18-09-maria-marta-exige-que-cristina-se-demita-da-imperio\/210528","title":{"rendered":"Resumo \u201cImp\u00e9rio\u201d 18\/09: Maria Marta exige que Cristina se demita da Imp\u00e9rio"},"content":{"rendered":"<p><img loading=\"lazy\" decoding=\"async\" class=\"aligncenter size-full wp-image-205063\" src=\"https:\/\/migracao.redenoticia.com.br\/noticia\/imagens\/novela-imperio-resumo-elenco.jpeg\" alt=\"\" width=\"1280\" height=\"720\" srcset=\"https:\/\/migracao.redenoticia.com.br\/noticia\/imagens\/novela-imperio-resumo-elenco.jpeg 1280w, https:\/\/migracao.redenoticia.com.br\/noticia\/imagens\/novela-imperio-resumo-elenco-250x140.jpeg 250w, https:\/\/migracao.redenoticia.com.br\/noticia\/imagens\/novela-imperio-resumo-elenco-400x225.jpeg 400w, https:\/\/migracao.redenoticia.com.br\/noticia\/imagens\/novela-imperio-resumo-elenco-768x432.jpeg 768w, https:\/\/migracao.redenoticia.com.br\/noticia\/imagens\/novela-imperio-resumo-elenco-150x85.jpeg 150w\" sizes=\"auto, (max-width: 1280px) 100vw, 1280px\" \/><\/p>\n<p><em><strong>Resumo novela \u201cImp\u00e9rio\u201d<\/strong><\/em> em 18\/09: no cap\u00edtulo 138(*) da novela, Cristina tenta desconversar sobre a viagem \u00e0 Su\u00ed\u00e7a. Jos\u00e9 Alfredo lista poss\u00edveis inimigos. Maria Marta exige que Cristina se demita da Imp\u00e9rio. Cristina \u00e9 surpreendida durante uma conversa ao telefone. Maria Marta pede que Cristina transmita um recado a Jos\u00e9 Alfredo. Erika suborna Lorraine e marca um encontro com ela. Cristina se nega a deixar a Imp\u00e9rio. Robert\u00e3o reflete sobre uma proposta de trabalho.<\/p>\n<p>Amanda presenteia Leonardo. Maur\u00edlio tenta ganhar a confian\u00e7a dos filhos de Maria Marta. Dr. Merival diz que Cristina n\u00e3o pode ser afastada da Imp\u00e9rio. Reginaldo diz a Otoniel que n\u00e3o vai mais embora. Jurema avisa Tuane sobre a volta de Reginaldo. Vicente combina um encontro com Clara. Jos\u00e9 Alfredo e Josu\u00e9 conversam sobre Silviano. Du e Jo\u00e3o Lucas conversam com Maria Marta.<\/p>\n<p>(*) edi\u00e7\u00e3o das novelas da Globo, \u201cImp\u00e9rio\u201d, sujeito a altera\u00e7\u00e3o de data e conte\u00fado.<\/p>\n<p>Sinopse Novela &#8220;Imp\u00e9rio&#8221;: hist\u00f3ria do pernambucano Jos\u00e9 Alfredo de Medeiros (Chay Suede\/Alexandre Nero), o homem de preto. Dono de uma rede de joalherias, o Comendador tem tr\u00eas filhos com a aristocrata falida Maria Marta Mendon\u00e7a e Albuquerque (Adriana Birolli\/Lilia Cabral): Jos\u00e9 Pedro (Caio Blat), Maria Clara (Andreia Horta) e Jo\u00e3o Lucas (Daniel Rocha). Os tr\u00eas disputam a heran\u00e7a da empresa constru\u00edda pelo pai.<\/p>\n","protected":false},"excerpt":{"rendered":"<p>Resumo novela \u201cImp\u00e9rio\u201d em 18\/09: no cap\u00edtulo 138(*) da novela, Cristina tenta desconversar sobre a viagem \u00e0 Su\u00ed\u00e7a. Jos\u00e9 Alfredo lista poss\u00edveis inimigos. Maria Marta exige que Cristina se demita da Imp\u00e9rio. Cristina \u00e9 surpreendida durante uma conversa ao telefone. Maria Marta pede que Cristina transmita um recado a Jos\u00e9 Alfredo. Erika suborna Lorraine e [&hellip;]<\/p>\n","protected":false},"author":4,"featured_media":205061,"comment_status":"closed","ping_status":"closed","sticky":false,"template":"","format":"standard","meta":{"tdm_status":"","tdm_grid_status":"","footnotes":""},"categories":[2196,379,375,2025,343],"tags":[441],"class_list":{"0":"post-210528","1":"post","2":"type-post","3":"status-publish","4":"format-standard","5":"has-post-thumbnail","7":"category-imperio","8":"category-novelas","9":"category-rede-globo","10":"category-resumo","11":"category-televisao","12":"tag-resumo-do-dia"},"_links":{"self":[{"href":"https:\/\/migracao.redenoticia.com.br\/noticia\/wp-json\/wp\/v2\/posts\/210528","targetHints":{"allow":["GET"]}}],"collection":[{"href":"https:\/\/migracao.redenoticia.com.br\/noticia\/wp-json\/wp\/v2\/posts"}],"about":[{"href":"https:\/\/migracao.redenoticia.com.br\/noticia\/wp-json\/wp\/v2\/types\/post"}],"author":[{"embeddable":true,"href":"https:\/\/migracao.redenoticia.com.br\/noticia\/wp-json\/wp\/v2\/users\/4"}],"replies":[{"embeddable":true,"href":"https:\/\/migracao.redenoticia.com.br\/noticia\/wp-json\/wp\/v2\/comments?post=210528"}],"version-history":[{"count":0,"href":"https:\/\/migracao.redenoticia.com.br\/noticia\/wp-json\/wp\/v2\/posts\/210528\/revisions"}],"wp:featuredmedia":[{"embeddable":true,"href":"https:\/\/migracao.redenoticia.com.br\/noticia\/wp-json\/wp\/v2\/media\/205061"}],"wp:attachment":[{"href":"https:\/\/migracao.redenoticia.com.br\/noticia\/wp-json\/wp\/v2\/media?parent=210528"}],"wp:term":[{"taxonomy":"category","embeddable":true,"href":"https:\/\/migracao.redenoticia.com.br\/noticia\/wp-json\/wp\/v2\/categories?post=210528"},{"taxonomy":"post_tag","embeddable":true,"href":"https:\/\/migracao.redenoticia.com.br\/noticia\/wp-json\/wp\/v2\/tags?post=210528"}],"curies":[{"name":"wp","href":"https:\/\/api.w.org\/{rel}","templated":true}]}}