{"id":21053,"date":"2010-01-03T00:07:04","date_gmt":"2010-01-03T04:07:04","guid":{"rendered":"http:\/\/www.redenoticia.com.br\/noticia\/?p=21053"},"modified":"2010-01-06T17:13:30","modified_gmt":"2010-01-06T21:13:30","slug":"dia-11-estreia-o-reality-solitarios-do-sbt","status":"publish","type":"post","link":"https:\/\/migracao.redenoticia.com.br\/noticia\/2010\/dia-11-estreia-o-reality-solitarios-do-sbt\/21053","title":{"rendered":"Inscri\u00e7\u00e3o no reality Solit\u00e1rios do SBT"},"content":{"rendered":"<p><img loading=\"lazy\" decoding=\"async\" class=\"alignleft size-full wp-image-21054\" title=\"solitarios sbt\" src=\"https:\/\/migracao.redenoticia.com.br\/noticia\/imagens\/solitarios-sbt.jpg\" alt=\"\" width=\"300\" height=\"193\" srcset=\"https:\/\/migracao.redenoticia.com.br\/noticia\/imagens\/solitarios-sbt.jpg 300w, https:\/\/migracao.redenoticia.com.br\/noticia\/imagens\/solitarios-sbt-250x160.jpg 250w, https:\/\/migracao.redenoticia.com.br\/noticia\/imagens\/solitarios-sbt-150x96.jpg 150w\" sizes=\"auto, (max-width: 300px) 100vw, 300px\" \/>Voc\u00ea se considera uma pessoa forte? Encararia qualquer desafio por uma grande recompensa em dinheiro? Ent\u00e3o prepare-se! Dia 11 de janeiro, \u00e0s 22h, <strong><em>estreia no SBT o reality<\/em><\/strong> mais inquietante da TV brasileira: <strong><em>Solit\u00e1rios<\/em><\/strong>.\u00a0A atra\u00e7\u00e3o \u00e9 um desafio que vai testar todos os limites humanos, tanto emocionais como f\u00edsicos. Os participantes s\u00e3o mantidos confinados em celas individuais, onde ser\u00e3o submetidos a provas rigorosas na disputa pelo pr\u00eamio.<\/p>\n<p>Mas somente um ganhar\u00e1 a grande recompensa: o que tiver maior preparo mental e resist\u00eancia f\u00edsica!\u00a0<a href=\"http:\/\/www.sbt.com.br\/solitarios\" target=\"_blank\">Inscreva-se no programa.\u00a0<\/a>N\u00e3o perca! Solit\u00e1rios estreia dia 11 de janeiro, \u00e0s 22h, no SBT.<\/p>\n<p>SBT &#8211; \u00c0s 10h do dia 19 de agosto de 1981, o SBT \u2013 Sistema Brasileiro de Televis\u00e3o entrava no ar j\u00e1 com a proposta in\u00e9dita de mostrar a solenidade de assinatura da concess\u00e3o, ao vivo e em cores, diretamente do Minist\u00e9rio das Comunica\u00e7\u00f5es, em Bras\u00edlia.<\/p>\n<p>S\u00e3o 28 anos de vida na hist\u00f3ria da televis\u00e3o brasileira com muitas vit\u00f3rias e comemora\u00e7\u00f5es. A emissora, segunda maior rede de TV do pa\u00eds, tem muitos bons motivos para celebrar seus 27 anos. S\u00e3o 109 emissoras que cobrem mais de 96% dos lares com TV, uma programa\u00e7\u00e3o diversificada com 24 horas de entretenimento para adultos e crian\u00e7as, que atinge mais 182 milh\u00f5es de telespectadores e um casting de primeira com apresentadores, atores, jornalistas e outros profissionais.<\/p>\n<p>A programa\u00e7\u00e3o, que come\u00e7ou com quatro atra\u00e7\u00f5es (TV Tupi de S\u00e3o Paulo, TV Marajoara de Bel\u00e9m de Par\u00e1, TV Piratini de Porto Alegre e TV Continental do Rio de Janeiro), comporta atualmente diversos programas de entretenimento, novelas, sess\u00f5es de cinema, atra\u00e7\u00f5es infantis, dezenas de s\u00e9ries de TV, telejornais e desenhos animados.<\/p>\n","protected":false},"excerpt":{"rendered":"<p>Voc\u00ea se considera uma pessoa forte? Encararia qualquer desafio por uma grande recompensa em dinheiro? Ent\u00e3o prepare-se! Dia 11 de janeiro, \u00e0s 22h, estreia no SBT o reality mais inquietante da TV brasileira: Solit\u00e1rios.\u00a0A atra\u00e7\u00e3o \u00e9 um desafio que vai testar todos os limites humanos, tanto emocionais como f\u00edsicos. Os participantes s\u00e3o mantidos confinados em [&hellip;]<\/p>\n","protected":false},"author":3,"featured_media":0,"comment_status":"open","ping_status":"open","sticky":false,"template":"","format":"standard","meta":{"tdm_status":"","tdm_grid_status":"","footnotes":""},"categories":[22,372,343],"tags":[],"class_list":{"0":"post-21053","1":"post","2":"type-post","3":"status-publish","4":"format-standard","6":"category-brasil","7":"category-sbt","8":"category-televisao"},"_links":{"self":[{"href":"https:\/\/migracao.redenoticia.com.br\/noticia\/wp-json\/wp\/v2\/posts\/21053","targetHints":{"allow":["GET"]}}],"collection":[{"href":"https:\/\/migracao.redenoticia.com.br\/noticia\/wp-json\/wp\/v2\/posts"}],"about":[{"href":"https:\/\/migracao.redenoticia.com.br\/noticia\/wp-json\/wp\/v2\/types\/post"}],"author":[{"embeddable":true,"href":"https:\/\/migracao.redenoticia.com.br\/noticia\/wp-json\/wp\/v2\/users\/3"}],"replies":[{"embeddable":true,"href":"https:\/\/migracao.redenoticia.com.br\/noticia\/wp-json\/wp\/v2\/comments?post=21053"}],"version-history":[{"count":0,"href":"https:\/\/migracao.redenoticia.com.br\/noticia\/wp-json\/wp\/v2\/posts\/21053\/revisions"}],"wp:attachment":[{"href":"https:\/\/migracao.redenoticia.com.br\/noticia\/wp-json\/wp\/v2\/media?parent=21053"}],"wp:term":[{"taxonomy":"category","embeddable":true,"href":"https:\/\/migracao.redenoticia.com.br\/noticia\/wp-json\/wp\/v2\/categories?post=21053"},{"taxonomy":"post_tag","embeddable":true,"href":"https:\/\/migracao.redenoticia.com.br\/noticia\/wp-json\/wp\/v2\/tags?post=21053"}],"curies":[{"name":"wp","href":"https:\/\/api.w.org\/{rel}","templated":true}]}}