{"id":210545,"date":"2021-09-18T14:30:30","date_gmt":"2021-09-18T17:30:30","guid":{"rendered":"https:\/\/www.redenoticia.com.br\/noticia\/?p=210545"},"modified":"2021-09-18T14:30:30","modified_gmt":"2021-09-18T17:30:30","slug":"resumo-te-dou-a-vida-20-09-nicolas-passa-por-um-serio-tratamento-de-saude","status":"publish","type":"post","link":"https:\/\/migracao.redenoticia.com.br\/noticia\/2021\/resumo-te-dou-a-vida-20-09-nicolas-passa-por-um-serio-tratamento-de-saude\/210545","title":{"rendered":"Resumo &#8220;Te dou a vida&#8221; 20\/09: Nicolas passa por um s\u00e9rio tratamento de sa\u00fade"},"content":{"rendered":"<p> <img loading=\"lazy\" decoding=\"async\" class=\"aligncenter size-full wp-image-210432\" src=\"https:\/\/migracao.redenoticia.com.br\/noticia\/imagens\/te-dou-a-vida-elenco-personagem-novela-resumo.jpeg\" alt=\"\" width=\"1280\" height=\"720\" srcset=\"https:\/\/migracao.redenoticia.com.br\/noticia\/imagens\/te-dou-a-vida-elenco-personagem-novela-resumo.jpeg 1280w, https:\/\/migracao.redenoticia.com.br\/noticia\/imagens\/te-dou-a-vida-elenco-personagem-novela-resumo-250x140.jpeg 250w, https:\/\/migracao.redenoticia.com.br\/noticia\/imagens\/te-dou-a-vida-elenco-personagem-novela-resumo-400x225.jpeg 400w, https:\/\/migracao.redenoticia.com.br\/noticia\/imagens\/te-dou-a-vida-elenco-personagem-novela-resumo-768x432.jpeg 768w, https:\/\/migracao.redenoticia.com.br\/noticia\/imagens\/te-dou-a-vida-elenco-personagem-novela-resumo-150x85.jpeg 150w\" sizes=\"auto, (max-width: 1280px) 100vw, 1280px\" \/><\/p>\n<p><strong><em>Resumo da novela &#8220;Te dou a vida&#8221;<\/em><\/strong> em 20\/09: no cap\u00edtulo 001(*) da novela, no dia do anivers\u00e1rio do pequeno Nicolas, Helena e Ernesto se esfor\u00e7am para que esse dia seja muito feliz. Um ano depois, eles comemoram os seis anos do filho, mas agora de uma maneira muito diferente porque Nicolas est\u00e1 passando por um s\u00e9rio tratamento de sa\u00fade. No meio da festa o menino sofre uma hemorragia e \u00e9 levado \u00e0s pressas para o hospital.<\/p>\n<p>Nicolas est\u00e1 com leucemia e precisa com urg\u00eancia de um doador compat\u00edvel. Nicolas foi adotado por Helena e Ernesto e, no desespero para salv\u00e1-los, eles decidem procurar a m\u00e3e biol\u00f3gica. O orfanato entrega a eles o endere\u00e7o de Sofia, mas, ao chegar l\u00e1 descobrem que ela est\u00e1 morando nos Estados Unidos. Uma amiga de Sofia informa onde eles podem encontrar o pai do menino. Pedro \u00e9 um mec\u00e2nico muito eficiente e trabalhador que est\u00e1 a ponto de se casar com Gina, filha do dono da oficina. Antes de ouvir a hist\u00f3ria completa, Pedro diz ao casal que n\u00e3o \u00e9 o pai da crian\u00e7a, pois teve um relacionamento muito curto com Sofia. Inconformados com a negativa, o casal volta a procurar Pedro e ele mais uma vez se nega a ouvi-los.<\/p>\n<p>Elena volta sozinha e exige que ele ou\u00e7a o que tem a lhe dizer. Depois de contar sua hist\u00f3ria, ela suplica que ele fa\u00e7a o teste de paternidade. Mesmo assim ele se nega. Ernesto entrega a ele um cheque e promete outro depois de realizar o teste. Indignado, Pedro vai at\u00e9 o hospital para devolver o cheque, mas ao ver a ang\u00fastia de Helena decide se submeter ao teste de DNA. Pedro deseja que o resultado seja positivo para que o casal possa salvar a vida do filho. Feliz, Helena conta a Nicolas que finalmente encontraram um doador. O encontro de Pedro e Nicolas \u00e9 muito especial, o menino agradece e o abra\u00e7a.<\/p>\n<p>(*) edi\u00e7\u00e3o das novelas do SBT, &#8220;Te dou a vida&#8221;, sujeito a altera\u00e7\u00e3o de data e conte\u00fado.<\/p>\n<p>Sinopse &#8220;Te dou a vida&#8221;: Nicol\u00e1s (Leonardo Herrera) \u00e9 um garoto de apenas seis anos de idade que padece de leucemia, e necessita de um transplante de medula. Elena (Eva Cede\u00f1o) e Ernesto (Jorge Salinas) s\u00e3o um casal e pais adotivos do menino. Diante da situa\u00e7\u00e3o, o casal decide ir atr\u00e1s do pai biol\u00f3gico da crian\u00e7a, Pedro (Jos\u00e9 Ron). Ele ficar\u00e1 comovido ao conhecer o filho e se aproximar\u00e1 dele e da m\u00e3e adotiva de uma forma muito especial.<\/p>\n","protected":false},"excerpt":{"rendered":"<p>Resumo da novela &#8220;Te dou a vida&#8221; em 20\/09: no cap\u00edtulo 001(*) da novela, no dia do anivers\u00e1rio do pequeno Nicolas, Helena e Ernesto se esfor\u00e7am para que esse dia seja muito feliz. Um ano depois, eles comemoram os seis anos do filho, mas agora de uma maneira muito diferente porque Nicolas est\u00e1 passando por [&hellip;]<\/p>\n","protected":false},"author":2,"featured_media":210433,"comment_status":"closed","ping_status":"closed","sticky":false,"template":"","format":"standard","meta":{"tdm_status":"","tdm_grid_status":"","footnotes":""},"categories":[379,2025,372,2220,343],"tags":[441],"class_list":{"0":"post-210545","1":"post","2":"type-post","3":"status-publish","4":"format-standard","5":"has-post-thumbnail","7":"category-novelas","8":"category-resumo","9":"category-sbt","10":"category-te-dou-a-vida","11":"category-televisao","12":"tag-resumo-do-dia"},"_links":{"self":[{"href":"https:\/\/migracao.redenoticia.com.br\/noticia\/wp-json\/wp\/v2\/posts\/210545","targetHints":{"allow":["GET"]}}],"collection":[{"href":"https:\/\/migracao.redenoticia.com.br\/noticia\/wp-json\/wp\/v2\/posts"}],"about":[{"href":"https:\/\/migracao.redenoticia.com.br\/noticia\/wp-json\/wp\/v2\/types\/post"}],"author":[{"embeddable":true,"href":"https:\/\/migracao.redenoticia.com.br\/noticia\/wp-json\/wp\/v2\/users\/2"}],"replies":[{"embeddable":true,"href":"https:\/\/migracao.redenoticia.com.br\/noticia\/wp-json\/wp\/v2\/comments?post=210545"}],"version-history":[{"count":0,"href":"https:\/\/migracao.redenoticia.com.br\/noticia\/wp-json\/wp\/v2\/posts\/210545\/revisions"}],"wp:featuredmedia":[{"embeddable":true,"href":"https:\/\/migracao.redenoticia.com.br\/noticia\/wp-json\/wp\/v2\/media\/210433"}],"wp:attachment":[{"href":"https:\/\/migracao.redenoticia.com.br\/noticia\/wp-json\/wp\/v2\/media?parent=210545"}],"wp:term":[{"taxonomy":"category","embeddable":true,"href":"https:\/\/migracao.redenoticia.com.br\/noticia\/wp-json\/wp\/v2\/categories?post=210545"},{"taxonomy":"post_tag","embeddable":true,"href":"https:\/\/migracao.redenoticia.com.br\/noticia\/wp-json\/wp\/v2\/tags?post=210545"}],"curies":[{"name":"wp","href":"https:\/\/api.w.org\/{rel}","templated":true}]}}