{"id":210589,"date":"2021-09-20T16:57:54","date_gmt":"2021-09-20T19:57:54","guid":{"rendered":"https:\/\/www.redenoticia.com.br\/noticia\/?p=210589"},"modified":"2021-09-20T16:57:54","modified_gmt":"2021-09-20T19:57:54","slug":"resumo-te-dou-a-vida-21-09-pedro-confessa-que-nao-consegue-tirar-elena-da-cabeca","status":"publish","type":"post","link":"https:\/\/migracao.redenoticia.com.br\/noticia\/2021\/resumo-te-dou-a-vida-21-09-pedro-confessa-que-nao-consegue-tirar-elena-da-cabeca\/210589","title":{"rendered":"Resumo &#8220;Te dou a vida&#8221; 21\/09: Pedro confessa que n\u00e3o consegue tirar Elena da cabe\u00e7a"},"content":{"rendered":"<p><img loading=\"lazy\" decoding=\"async\" class=\"aligncenter size-full wp-image-210432\" src=\"https:\/\/migracao.redenoticia.com.br\/noticia\/imagens\/te-dou-a-vida-elenco-personagem-novela-resumo.jpeg\" alt=\"\" width=\"1280\" height=\"720\" srcset=\"https:\/\/migracao.redenoticia.com.br\/noticia\/imagens\/te-dou-a-vida-elenco-personagem-novela-resumo.jpeg 1280w, https:\/\/migracao.redenoticia.com.br\/noticia\/imagens\/te-dou-a-vida-elenco-personagem-novela-resumo-250x140.jpeg 250w, https:\/\/migracao.redenoticia.com.br\/noticia\/imagens\/te-dou-a-vida-elenco-personagem-novela-resumo-400x225.jpeg 400w, https:\/\/migracao.redenoticia.com.br\/noticia\/imagens\/te-dou-a-vida-elenco-personagem-novela-resumo-768x432.jpeg 768w, https:\/\/migracao.redenoticia.com.br\/noticia\/imagens\/te-dou-a-vida-elenco-personagem-novela-resumo-150x85.jpeg 150w\" sizes=\"auto, (max-width: 1280px) 100vw, 1280px\" \/><\/p>\n<p><strong><em>Resumo da novela &#8220;Te dou a vida&#8221;<\/em><\/strong> em 21\/09: no cap\u00edtulo 002(*) da novela, Dona Esther decide ir ao hospital porque quer conhecer Nicol\u00e1s, seu neto biol\u00f3gico, sem amargura, isso n\u00e3o \u00e9 poss\u00edvel porque Ernesto ouve que a mulher finge ser av\u00f3 de seu filho e fica chateada.<\/p>\n<p>Elena e Nicol\u00e1s conhecem Pedro durante um passeio no parque, por isso o menino convida o jovem a comer um hamb\u00farguer com eles. Ernesto tem uma forte discuss\u00e3o com sua esposa, pois n\u00e3o quer que Nicol\u00e1s se torne parente de seu pai verdadeiro.<\/p>\n<p>O pai de Elena, Hor\u00e1cio, convida sua assistente para almo\u00e7ar em comemora\u00e7\u00e3o ao seu anivers\u00e1rio, mas tudo sai de controle quando ele encontra Andrea, sua esposa, de surpresa.<\/p>\n<p>Gabriela usa Samuel como motorista para se divertir com as amigas e, ao assumir o volante, bate o carro. Ele a leva para a oficina de seu irm\u00e3o e as duas fam\u00edlias descobrem quem \u00e9 cada uma.<\/p>\n<p>Pedro conversa com o pai, Domingo, e confessa que desde que conheceu Elena n\u00e3o consegue tir\u00e1-la da cabe\u00e7a. Ester decide contar ao filho que deseja ver Nicol\u00e1s de longe, e ele realiza seu desejo.<\/p>\n<p>Em detalhes, Pedro se encontra com Helena no hospital para conversar com o m\u00e9dico e conhecer quais s\u00e3o os procedimentos para o transplante. Pedro conta a Gina que tem um filho e ela n\u00e3o gosta nada da not\u00edcia. Ernesto se incomoda ao saber que Pedro conheceu Nicolas e pede a Helena que n\u00e3o permita que voltem a se encontrar.<\/p>\n<p>Ester, m\u00e3e de Pedro, vai at\u00e9 o hospital para conhecer o neto. Ernesto n\u00e3o gosta de v\u00ea-los e pede a Domingos que n\u00e3o se aproximem do menino. Pedro se encontra com Helena e Nicolas fora do hospital. Ele d\u00e1 carona aos dois e depois os convida para lanchar. Ernesto fica com ci\u00fames. Samuel sai para procurar trabalho e se encontra com Gabriela. Andr\u00e9ia aconselha Helena a fazer as pazes com Ernesto.<\/p>\n<p>(*) edi\u00e7\u00e3o das novelas do SBT, &#8220;Te dou a vida&#8221;, sujeito a altera\u00e7\u00e3o de data e conte\u00fado.<\/p>\n<p>Sinopse &#8220;Te dou a vida&#8221;: Nicol\u00e1s (Leonardo Herrera) \u00e9 um garoto de apenas seis anos de idade que padece de leucemia, e necessita de um transplante de medula. Elena (Eva Cede\u00f1o) e Ernesto (Jorge Salinas) s\u00e3o um casal e pais adotivos do menino. Diante da situa\u00e7\u00e3o, o casal decide ir atr\u00e1s do pai biol\u00f3gico da crian\u00e7a, Pedro (Jos\u00e9 Ron). Ele ficar\u00e1 comovido ao conhecer o filho e se aproximar\u00e1 dele e da m\u00e3e adotiva de uma forma muito especial.<\/p>\n","protected":false},"excerpt":{"rendered":"<p>Resumo da novela &#8220;Te dou a vida&#8221; em 21\/09: no cap\u00edtulo 002(*) da novela, Dona Esther decide ir ao hospital porque quer conhecer Nicol\u00e1s, seu neto biol\u00f3gico, sem amargura, isso n\u00e3o \u00e9 poss\u00edvel porque Ernesto ouve que a mulher finge ser av\u00f3 de seu filho e fica chateada. Elena e Nicol\u00e1s conhecem Pedro durante um [&hellip;]<\/p>\n","protected":false},"author":4,"featured_media":210433,"comment_status":"closed","ping_status":"closed","sticky":false,"template":"","format":"standard","meta":{"tdm_status":"","tdm_grid_status":"","footnotes":""},"categories":[379,2025,372,2220,343],"tags":[441],"class_list":{"0":"post-210589","1":"post","2":"type-post","3":"status-publish","4":"format-standard","5":"has-post-thumbnail","7":"category-novelas","8":"category-resumo","9":"category-sbt","10":"category-te-dou-a-vida","11":"category-televisao","12":"tag-resumo-do-dia"},"_links":{"self":[{"href":"https:\/\/migracao.redenoticia.com.br\/noticia\/wp-json\/wp\/v2\/posts\/210589","targetHints":{"allow":["GET"]}}],"collection":[{"href":"https:\/\/migracao.redenoticia.com.br\/noticia\/wp-json\/wp\/v2\/posts"}],"about":[{"href":"https:\/\/migracao.redenoticia.com.br\/noticia\/wp-json\/wp\/v2\/types\/post"}],"author":[{"embeddable":true,"href":"https:\/\/migracao.redenoticia.com.br\/noticia\/wp-json\/wp\/v2\/users\/4"}],"replies":[{"embeddable":true,"href":"https:\/\/migracao.redenoticia.com.br\/noticia\/wp-json\/wp\/v2\/comments?post=210589"}],"version-history":[{"count":0,"href":"https:\/\/migracao.redenoticia.com.br\/noticia\/wp-json\/wp\/v2\/posts\/210589\/revisions"}],"wp:featuredmedia":[{"embeddable":true,"href":"https:\/\/migracao.redenoticia.com.br\/noticia\/wp-json\/wp\/v2\/media\/210433"}],"wp:attachment":[{"href":"https:\/\/migracao.redenoticia.com.br\/noticia\/wp-json\/wp\/v2\/media?parent=210589"}],"wp:term":[{"taxonomy":"category","embeddable":true,"href":"https:\/\/migracao.redenoticia.com.br\/noticia\/wp-json\/wp\/v2\/categories?post=210589"},{"taxonomy":"post_tag","embeddable":true,"href":"https:\/\/migracao.redenoticia.com.br\/noticia\/wp-json\/wp\/v2\/tags?post=210589"}],"curies":[{"name":"wp","href":"https:\/\/api.w.org\/{rel}","templated":true}]}}