{"id":21059,"date":"2010-01-03T18:23:28","date_gmt":"2010-01-03T22:23:28","guid":{"rendered":"http:\/\/www.redenoticia.com.br\/noticia\/?p=21059"},"modified":"2010-01-03T18:23:28","modified_gmt":"2010-01-03T22:23:28","slug":"previsao-climatica-do-trimestre-janeiro-a-marco-2010","status":"publish","type":"post","link":"https:\/\/migracao.redenoticia.com.br\/noticia\/2010\/previsao-climatica-do-trimestre-janeiro-a-marco-2010\/21059","title":{"rendered":"Previs\u00e3o Clim\u00e1tica do Trimestre Janeiro a Mar\u00e7o 2010"},"content":{"rendered":"<p><img loading=\"lazy\" decoding=\"async\" class=\"alignleft size-full wp-image-21060\" title=\"previsao climatica\" src=\"https:\/\/migracao.redenoticia.com.br\/noticia\/imagens\/previsao-climatica.jpg\" alt=\"\" width=\"300\" height=\"193\" srcset=\"https:\/\/migracao.redenoticia.com.br\/noticia\/imagens\/previsao-climatica.jpg 300w, https:\/\/migracao.redenoticia.com.br\/noticia\/imagens\/previsao-climatica-250x160.jpg 250w, https:\/\/migracao.redenoticia.com.br\/noticia\/imagens\/previsao-climatica-150x96.jpg 150w\" sizes=\"auto, (max-width: 300px) 100vw, 300px\" \/>A <strong><em>previs\u00e3o clim\u00e1tica para o trimestre janeiro a mar\u00e7o de 2010<\/em><\/strong> (JFM\/2010), elaborada pelo CPTEC\/INPE em conjunto com o INMET e os Centros Estaduais de Meteorologia, indica, como categoria mais prov\u00e1vel, chuvas abaixo da m\u00e9dia hist\u00f3rica no norte das Regi\u00f5es Norte e Nordeste do Brasil. Para o centro-sul das Regi\u00f5es Sudeste e Centro-Oeste e na Regi\u00e3o Sul do Brasil, h\u00e1 maior probabilidade de totais pluviom\u00e9tricos entre as categorias normal a acima da normal climatol\u00f3gica. Para as demais \u00e1reas do Pa\u00eds, persiste a categoria mais prov\u00e1vel de chuvas em torno da m\u00e9dia hist\u00f3rica. Os valores de temperatura do ar est\u00e3o previstos acima da normal climatol\u00f3gica nas Regi\u00f5es Norte, Nordeste, Centro-Oeste e Sudeste, enquanto que, para a Regi\u00e3o Sul, a maior probabilidade \u00e9 de temperaturas em torno da normal climatol\u00f3gica.<\/p>\n<p>Na Regi\u00e3o Norte, Chuva &#8211; abaixo da normal climatol\u00f3gica desde o norte do Amazonas at\u00e9 o norte do Par\u00e1. Nas demais \u00e1reas, a previs\u00e3o \u00e9 de chuvas em torno da normal climatol\u00f3gica. Temperatura &#8211; acima da normal climatol\u00f3gica.<\/p>\n<p>No Nordeste, Chuva &#8211; abaixo da normal climatol\u00f3gica na faixa que se estende desde o centro-norte do Maranh\u00e3o at\u00e9 a Para\u00edba. Nas demais \u00e1reas, a previs\u00e3o \u00e9 de chuvas em torno da normal climatol\u00f3gica. Ressalta-se a possibilidade de grande variabilidade espacial e temporal das chuvas no decorrer deste trimestre. Temperatura &#8211; acima da normal climatol\u00f3gica.<\/p>\n<p>Na Regi\u00e3o Centro-Oeste, Chuva &#8211; acima da normal climatol\u00f3gica no sul de Goi\u00e1s e no Mato Grosso do Sul. Nas demais \u00e1reas, a previs\u00e3o \u00e9 de chuvas em torno da normal climatol\u00f3gica. Temperatura &#8211; acima da normal climatol\u00f3gica.<\/p>\n<p>Na Regi\u00e3o Sudeste, Chuva &#8211; acima da normal climatol\u00f3gica na maior parte da Regi\u00e3o, com exce\u00e7\u00e3o do norte de Minas Gerais e do Esp\u00edrito Santo onde a previs\u00e3o \u00e9 de chuvas em torno da normal. Temperatura &#8211; acima da normal climatol\u00f3gica.<\/p>\n<p>Na Regi\u00e3o Sul, Chuva &#8211; acima da normal climatol\u00f3gica em toda a Regi\u00e3o. Temperatura &#8211; pr\u00f3xima \u00e0 normal climatol\u00f3gica.<\/p>\n<p>Previs\u00e3o Clim\u00e1tica CPTEC\/INPE<\/p>\n","protected":false},"excerpt":{"rendered":"<p>A previs\u00e3o clim\u00e1tica para o trimestre janeiro a mar\u00e7o de 2010 (JFM\/2010), elaborada pelo CPTEC\/INPE em conjunto com o INMET e os Centros Estaduais de Meteorologia, indica, como categoria mais prov\u00e1vel, chuvas abaixo da m\u00e9dia hist\u00f3rica no norte das Regi\u00f5es Norte e Nordeste do Brasil. Para o centro-sul das Regi\u00f5es Sudeste e Centro-Oeste e na [&hellip;]<\/p>\n","protected":false},"author":3,"featured_media":21060,"comment_status":"open","ping_status":"open","sticky":false,"template":"","format":"standard","meta":{"tdm_status":"","tdm_grid_status":"","footnotes":""},"categories":[22,327,376],"tags":[],"class_list":{"0":"post-21059","1":"post","2":"type-post","3":"status-publish","4":"format-standard","5":"has-post-thumbnail","7":"category-brasil","8":"category-clima","9":"category-clima-brasil"},"_links":{"self":[{"href":"https:\/\/migracao.redenoticia.com.br\/noticia\/wp-json\/wp\/v2\/posts\/21059","targetHints":{"allow":["GET"]}}],"collection":[{"href":"https:\/\/migracao.redenoticia.com.br\/noticia\/wp-json\/wp\/v2\/posts"}],"about":[{"href":"https:\/\/migracao.redenoticia.com.br\/noticia\/wp-json\/wp\/v2\/types\/post"}],"author":[{"embeddable":true,"href":"https:\/\/migracao.redenoticia.com.br\/noticia\/wp-json\/wp\/v2\/users\/3"}],"replies":[{"embeddable":true,"href":"https:\/\/migracao.redenoticia.com.br\/noticia\/wp-json\/wp\/v2\/comments?post=21059"}],"version-history":[{"count":0,"href":"https:\/\/migracao.redenoticia.com.br\/noticia\/wp-json\/wp\/v2\/posts\/21059\/revisions"}],"wp:featuredmedia":[{"embeddable":true,"href":"https:\/\/migracao.redenoticia.com.br\/noticia\/wp-json\/wp\/v2\/media\/21060"}],"wp:attachment":[{"href":"https:\/\/migracao.redenoticia.com.br\/noticia\/wp-json\/wp\/v2\/media?parent=21059"}],"wp:term":[{"taxonomy":"category","embeddable":true,"href":"https:\/\/migracao.redenoticia.com.br\/noticia\/wp-json\/wp\/v2\/categories?post=21059"},{"taxonomy":"post_tag","embeddable":true,"href":"https:\/\/migracao.redenoticia.com.br\/noticia\/wp-json\/wp\/v2\/tags?post=21059"}],"curies":[{"name":"wp","href":"https:\/\/api.w.org\/{rel}","templated":true}]}}