{"id":210594,"date":"2021-09-20T17:03:13","date_gmt":"2021-09-20T20:03:13","guid":{"rendered":"https:\/\/www.redenoticia.com.br\/noticia\/?p=210594"},"modified":"2021-09-20T17:03:13","modified_gmt":"2021-09-20T20:03:13","slug":"resumo-coracao-indomavel-21-09-simone-descobre-que-esta-gravida-de-otavio","status":"publish","type":"post","link":"https:\/\/migracao.redenoticia.com.br\/noticia\/2021\/resumo-coracao-indomavel-21-09-simone-descobre-que-esta-gravida-de-otavio\/210594","title":{"rendered":"Resumo &#8220;Cora\u00e7\u00e3o Indom\u00e1vel&#8221; 21\/09: Simone descobre que est\u00e1 gr\u00e1vida de Ot\u00e1vio"},"content":{"rendered":"<p><img loading=\"lazy\" decoding=\"async\" class=\"aligncenter size-full wp-image-206134\" src=\"https:\/\/migracao.redenoticia.com.br\/noticia\/imagens\/coracao-indomavel-resumo-novela-elenco.jpeg\" alt=\"\" width=\"1280\" height=\"720\" srcset=\"https:\/\/migracao.redenoticia.com.br\/noticia\/imagens\/coracao-indomavel-resumo-novela-elenco.jpeg 1280w, https:\/\/migracao.redenoticia.com.br\/noticia\/imagens\/coracao-indomavel-resumo-novela-elenco-250x140.jpeg 250w, https:\/\/migracao.redenoticia.com.br\/noticia\/imagens\/coracao-indomavel-resumo-novela-elenco-400x225.jpeg 400w, https:\/\/migracao.redenoticia.com.br\/noticia\/imagens\/coracao-indomavel-resumo-novela-elenco-768x432.jpeg 768w, https:\/\/migracao.redenoticia.com.br\/noticia\/imagens\/coracao-indomavel-resumo-novela-elenco-150x85.jpeg 150w\" sizes=\"auto, (max-width: 1280px) 100vw, 1280px\" \/><\/p>\n<p><strong><em>Resumo da novela &#8220;Cora\u00e7\u00e3o Indom\u00e1vel&#8221;<\/em><\/strong> em 21\/09: no cap\u00edtulo 086(*) da novela, Jos\u00e9 Antonio se encontra com Maricruz nos limites da Fazenda de Simone, e ele a repreende por sempre dar um jeito de acabar vendo Ot\u00e1vio. Naz\u00e1rio diz a Amador que n\u00e3o recebeu o dinheiro pedido no bilhete an\u00f4nimo enviado a Simone, e comenta que ter\u00e1 que enviar outro e se n\u00e3o receber uma resposta ir\u00e1 acabar denunciando Miguel. Jos\u00e9 Antonio diz a Maricruz que Ot\u00e1vio a despreza. Naz\u00e1rio pede a Amador que escreva a Ot\u00e1vio para lhe pedir dinheiro.<\/p>\n<p>Of\u00e9lia diz a Ot\u00e1vio que podem contar com ela na defesa de Miguel. Esther diz a Jos\u00e9 Antonio que existem rumores que encontraram ouro no Realengo. Ot\u00e1vio fica indignado ao escutar os coment\u00e1rios de Simone e Miguel a respeito dos moradores do realengo, e diz a Simone que eles deveriam ajud\u00e1-los. Maricruz diz a Jose Antonio que eles poderiam fazer uma grande granja para empregar os moradores de realengo. No Realengo, Maricruz se aproxima de Esther para lhe perguntar sobre as coisas do Realengo.<\/p>\n<p>O doutor diz a Simone que ela est\u00e1 gr\u00e1vida. Morais reparte dinheiro entre os moradores do realengo como indeniza\u00e7\u00e3o pelo que sofreram. Maricruz interrompe e diz que eles n\u00e3o devem aceitar esse dinheiro. Simone fica sabendo que Ot\u00e1vio n\u00e3o est\u00e1 em casa. Vargas pede a Maricruz que se retire do lugar. Maricruz diz aos habitantes do realengo, que ceder\u00e1 a eles cinco hectares de sua fazenda, para que assim eles tenham um lugar digno para morar.<\/p>\n<p>Simone conta a Miguel que est\u00e1 gr\u00e1vida. Maricruz diz aos habitantes do Realengo que Ot\u00e1vio tamb\u00e9m ceder\u00e1 cinco hectares da fazenda de Simone, Ot\u00e1vio n\u00e3o a desmente. Jos\u00e9 Antonio, irritado, diz a Maricruz que ela fez a doa\u00e7\u00e3o de terras apenas para impressionar Ot\u00e1vio. Simone diz a Ot\u00e1vio que est\u00e1 gr\u00e1vida. Jos\u00e9 Antonio diz que a doa\u00e7\u00e3o feita por Maricruz tamb\u00e9m os beneficia. Ot\u00e1vio comenta com Miguel sobre a doa\u00e7\u00e3o que se viu obrigado a fazer.<\/p>\n<p>(*) edi\u00e7\u00e3o das novelas do SBT, &#8220;Cora\u00e7\u00e3o Indom\u00e1vel&#8221;, sujeito a altera\u00e7\u00e3o de data e conte\u00fado.<\/p>\n<p>Sinopse &#8220;Cora\u00e7\u00e3o Indom\u00e1vel&#8221;: A novela conta a hist\u00f3ria da pobre Maricruz que, ap\u00f3s ter sido abandonada pelo marido, decide se vingar daqueles que a humilharam. Ela descobre ser filha de um homem rico, tornando-se uma mulher da alta sociedade.<\/p>\n","protected":false},"excerpt":{"rendered":"<p>Resumo da novela &#8220;Cora\u00e7\u00e3o Indom\u00e1vel&#8221; em 21\/09: no cap\u00edtulo 086(*) da novela, Jos\u00e9 Antonio se encontra com Maricruz nos limites da Fazenda de Simone, e ele a repreende por sempre dar um jeito de acabar vendo Ot\u00e1vio. Naz\u00e1rio diz a Amador que n\u00e3o recebeu o dinheiro pedido no bilhete an\u00f4nimo enviado a Simone, e comenta [&hellip;]<\/p>\n","protected":false},"author":4,"featured_media":206133,"comment_status":"closed","ping_status":"closed","sticky":false,"template":"","format":"standard","meta":{"tdm_status":"","tdm_grid_status":"","footnotes":""},"categories":[2200,379,2025,372,343],"tags":[441],"class_list":{"0":"post-210594","1":"post","2":"type-post","3":"status-publish","4":"format-standard","5":"has-post-thumbnail","7":"category-coracao-indomavel","8":"category-novelas","9":"category-resumo","10":"category-sbt","11":"category-televisao","12":"tag-resumo-do-dia"},"_links":{"self":[{"href":"https:\/\/migracao.redenoticia.com.br\/noticia\/wp-json\/wp\/v2\/posts\/210594","targetHints":{"allow":["GET"]}}],"collection":[{"href":"https:\/\/migracao.redenoticia.com.br\/noticia\/wp-json\/wp\/v2\/posts"}],"about":[{"href":"https:\/\/migracao.redenoticia.com.br\/noticia\/wp-json\/wp\/v2\/types\/post"}],"author":[{"embeddable":true,"href":"https:\/\/migracao.redenoticia.com.br\/noticia\/wp-json\/wp\/v2\/users\/4"}],"replies":[{"embeddable":true,"href":"https:\/\/migracao.redenoticia.com.br\/noticia\/wp-json\/wp\/v2\/comments?post=210594"}],"version-history":[{"count":0,"href":"https:\/\/migracao.redenoticia.com.br\/noticia\/wp-json\/wp\/v2\/posts\/210594\/revisions"}],"wp:featuredmedia":[{"embeddable":true,"href":"https:\/\/migracao.redenoticia.com.br\/noticia\/wp-json\/wp\/v2\/media\/206133"}],"wp:attachment":[{"href":"https:\/\/migracao.redenoticia.com.br\/noticia\/wp-json\/wp\/v2\/media?parent=210594"}],"wp:term":[{"taxonomy":"category","embeddable":true,"href":"https:\/\/migracao.redenoticia.com.br\/noticia\/wp-json\/wp\/v2\/categories?post=210594"},{"taxonomy":"post_tag","embeddable":true,"href":"https:\/\/migracao.redenoticia.com.br\/noticia\/wp-json\/wp\/v2\/tags?post=210594"}],"curies":[{"name":"wp","href":"https:\/\/api.w.org\/{rel}","templated":true}]}}