{"id":210598,"date":"2021-09-20T17:08:46","date_gmt":"2021-09-20T20:08:46","guid":{"rendered":"https:\/\/www.redenoticia.com.br\/noticia\/?p=210598"},"modified":"2021-09-20T17:08:46","modified_gmt":"2021-09-20T20:08:46","slug":"resumo-tititi-21-09-cecilia-da-a-valquiria-uma-de-suas-bonecas","status":"publish","type":"post","link":"https:\/\/migracao.redenoticia.com.br\/noticia\/2021\/resumo-tititi-21-09-cecilia-da-a-valquiria-uma-de-suas-bonecas\/210598","title":{"rendered":"Resumo \u201cTiTiTi\u201d 21\/09: Cec\u00edlia d\u00e1 a Valqu\u00edria uma de suas bonecas"},"content":{"rendered":"<p><img loading=\"lazy\" decoding=\"async\" src=\"https:\/\/migracao.redenoticia.com.br\/noticia\/imagens\/tititi-elenco-personagens.jpeg\" alt=\"\" width=\"1280\" height=\"720\" class=\"aligncenter size-full wp-image-204657\" srcset=\"https:\/\/migracao.redenoticia.com.br\/noticia\/imagens\/tititi-elenco-personagens.jpeg 1280w, https:\/\/migracao.redenoticia.com.br\/noticia\/imagens\/tititi-elenco-personagens-250x140.jpeg 250w, https:\/\/migracao.redenoticia.com.br\/noticia\/imagens\/tititi-elenco-personagens-400x225.jpeg 400w, https:\/\/migracao.redenoticia.com.br\/noticia\/imagens\/tititi-elenco-personagens-768x432.jpeg 768w, https:\/\/migracao.redenoticia.com.br\/noticia\/imagens\/tititi-elenco-personagens-150x85.jpeg 150w\" sizes=\"auto, (max-width: 1280px) 100vw, 1280px\" \/><\/p>\n<p><em><strong>Resumo da novela \u201cTiTiTi\u201d<\/strong><\/em> em 21\/09: no cap\u00edtulo 127(*) da novela, Jaqueline prop\u00f5e a Ariclenes sociedade no ateli\u00ea de Leclair. Dona Mocinha chama Cec\u00edlia pelo nome. Armandinho oferece um acordo a St\u00e9fany para conseguir o div\u00f3rcio. Eduardo leva Breno, Dorinha e Tha\u00edsa para visitar crian\u00e7as de um abrigo. Thales tenta se entender com Julinho. Jacques afirma que gostava de Jaqueline e Clotilde se espanta. Teresa e Jaqueline se reencontram. Valqu\u00edria vai \u00e0 casa de Luti.<\/p>\n<p>Marcela vai \u00e0 ag\u00eancia de Edgar e encontra Luisa. Renato come\u00e7a a grafitar seu muro. \u00c9rico se aproxima de Camila. Valqu\u00edria encontra Cec\u00edlia, que lhe oferece uma de suas bonecas. Daguilene v\u00ea Jorgito chegando \u00e0 casa de Nicole e avisa a St\u00e9fany. Jorgito pede a ajuda de Nicole para reconquistar Desir\u00e9e. Marcela diz a Edgar que eles precisam conversar. Ariclenes repreende Cec\u00edlia por ter dado uma boneca para Valqu\u00edria. Clotilde v\u00ea Valqu\u00edria com a boneca e nota a semelhan\u00e7a do vestidinho com os modelos de Valentim.<\/p>\n<p>(*) edi\u00e7\u00e3o das novelas da Globo, \u201cTiTiTi\u201d, sujeito a altera\u00e7\u00e3o de data e conte\u00fado.<\/p>\n<p>Sinopse &#8220;TiTiTi&#8221;: Alexandre Borges e Murilo Ben\u00edcio interpretam os rivais da hist\u00f3ria, respectivamente Jacques Leclair e Victor Valentim, que passam a novela inteira se digladiando para ver quem sobressai no mundo na moda como estilista bem-sucedido, com o nome transformado em grife e as cole\u00e7\u00f5es desfiladas nas grandes semanas de moda e fotografadas para as revistas de celebridades.<\/p>\n","protected":false},"excerpt":{"rendered":"<p>Resumo da novela \u201cTiTiTi\u201d em 21\/09: no cap\u00edtulo 127(*) da novela, Jaqueline prop\u00f5e a Ariclenes sociedade no ateli\u00ea de Leclair. Dona Mocinha chama Cec\u00edlia pelo nome. Armandinho oferece um acordo a St\u00e9fany para conseguir o div\u00f3rcio. Eduardo leva Breno, Dorinha e Tha\u00edsa para visitar crian\u00e7as de um abrigo. Thales tenta se entender com Julinho. Jacques [&hellip;]<\/p>\n","protected":false},"author":4,"featured_media":204655,"comment_status":"closed","ping_status":"closed","sticky":false,"template":"","format":"standard","meta":{"tdm_status":"","tdm_grid_status":"","footnotes":""},"categories":[379,375,2025,343,2193],"tags":[441],"class_list":{"0":"post-210598","1":"post","2":"type-post","3":"status-publish","4":"format-standard","5":"has-post-thumbnail","7":"category-novelas","8":"category-rede-globo","9":"category-resumo","10":"category-televisao","11":"category-tititi","12":"tag-resumo-do-dia"},"_links":{"self":[{"href":"https:\/\/migracao.redenoticia.com.br\/noticia\/wp-json\/wp\/v2\/posts\/210598","targetHints":{"allow":["GET"]}}],"collection":[{"href":"https:\/\/migracao.redenoticia.com.br\/noticia\/wp-json\/wp\/v2\/posts"}],"about":[{"href":"https:\/\/migracao.redenoticia.com.br\/noticia\/wp-json\/wp\/v2\/types\/post"}],"author":[{"embeddable":true,"href":"https:\/\/migracao.redenoticia.com.br\/noticia\/wp-json\/wp\/v2\/users\/4"}],"replies":[{"embeddable":true,"href":"https:\/\/migracao.redenoticia.com.br\/noticia\/wp-json\/wp\/v2\/comments?post=210598"}],"version-history":[{"count":0,"href":"https:\/\/migracao.redenoticia.com.br\/noticia\/wp-json\/wp\/v2\/posts\/210598\/revisions"}],"wp:featuredmedia":[{"embeddable":true,"href":"https:\/\/migracao.redenoticia.com.br\/noticia\/wp-json\/wp\/v2\/media\/204655"}],"wp:attachment":[{"href":"https:\/\/migracao.redenoticia.com.br\/noticia\/wp-json\/wp\/v2\/media?parent=210598"}],"wp:term":[{"taxonomy":"category","embeddable":true,"href":"https:\/\/migracao.redenoticia.com.br\/noticia\/wp-json\/wp\/v2\/categories?post=210598"},{"taxonomy":"post_tag","embeddable":true,"href":"https:\/\/migracao.redenoticia.com.br\/noticia\/wp-json\/wp\/v2\/tags?post=210598"}],"curies":[{"name":"wp","href":"https:\/\/api.w.org\/{rel}","templated":true}]}}