{"id":210607,"date":"2021-09-20T17:22:18","date_gmt":"2021-09-20T20:22:18","guid":{"rendered":"https:\/\/www.redenoticia.com.br\/noticia\/?p=210607"},"modified":"2021-09-20T17:22:18","modified_gmt":"2021-09-20T20:22:18","slug":"resumo-imperio-21-09-silviano-descobre-que-seu-album-de-lembrancas-foi-roubado","status":"publish","type":"post","link":"https:\/\/migracao.redenoticia.com.br\/noticia\/2021\/resumo-imperio-21-09-silviano-descobre-que-seu-album-de-lembrancas-foi-roubado\/210607","title":{"rendered":"Resumo \u201cImp\u00e9rio\u201d 21\/09: Silviano descobre que seu \u00e1lbum de lembran\u00e7as foi roubado"},"content":{"rendered":"<p><img loading=\"lazy\" decoding=\"async\" class=\"aligncenter size-full wp-image-205063\" src=\"https:\/\/migracao.redenoticia.com.br\/noticia\/imagens\/novela-imperio-resumo-elenco.jpeg\" alt=\"\" width=\"1280\" height=\"720\" srcset=\"https:\/\/migracao.redenoticia.com.br\/noticia\/imagens\/novela-imperio-resumo-elenco.jpeg 1280w, https:\/\/migracao.redenoticia.com.br\/noticia\/imagens\/novela-imperio-resumo-elenco-250x140.jpeg 250w, https:\/\/migracao.redenoticia.com.br\/noticia\/imagens\/novela-imperio-resumo-elenco-400x225.jpeg 400w, https:\/\/migracao.redenoticia.com.br\/noticia\/imagens\/novela-imperio-resumo-elenco-768x432.jpeg 768w, https:\/\/migracao.redenoticia.com.br\/noticia\/imagens\/novela-imperio-resumo-elenco-150x85.jpeg 150w\" sizes=\"auto, (max-width: 1280px) 100vw, 1280px\" \/><\/p>\n<p><em><strong>Resumo novela \u201cImp\u00e9rio\u201d<\/strong><\/em> em 21\/09: no cap\u00edtulo 140(*) da novela, Jos\u00e9 Alfredo se emociona ao ver Jo\u00e3o Lucas. Jurema sente ci\u00fames de Cora. Lorraine invade a casa de Silviano. Bruna observa Danielle e Maur\u00edlio. Jos\u00e9 Alfredo pede para Jo\u00e3o Lucas e Du n\u00e3o contarem para ningu\u00e9m sobre sua presen\u00e7a. Robert\u00e3o decide ir para Paris, j\u00e1 que \u00c9rika n\u00e3o responde a seu pedido de casamento. Felipe vai atr\u00e1s de Enrico.<\/p>\n<p>Lorraine descobre o segredo de Marta. Jos\u00e9 Alfredo afirma que se casar\u00e1 com Maria \u00cdsis. Maria Clara pede Vicente em casamento. Ismael desconfia da explica\u00e7\u00e3o de Lorraine. Silviano descobre que seu \u00e1lbum de lembran\u00e7as foi roubado. Cristina fica cismada com Marc\u00e3o. Maur\u00edlio desconfia de que Jo\u00e3o Lucas saiba que Jos\u00e9 Alfredo est\u00e1 vivo. Silviano revela a Maria Marta que seu \u00e1lbum de lembran\u00e7as foi roubado.<\/p>\n<p>(*) edi\u00e7\u00e3o das novelas da Globo, \u201cImp\u00e9rio\u201d, sujeito a altera\u00e7\u00e3o de data e conte\u00fado.<\/p>\n<p>Sinopse Novela &#8220;Imp\u00e9rio&#8221;: hist\u00f3ria do pernambucano Jos\u00e9 Alfredo de Medeiros (Chay Suede\/Alexandre Nero), o homem de preto. Dono de uma rede de joalherias, o Comendador tem tr\u00eas filhos com a aristocrata falida Maria Marta Mendon\u00e7a e Albuquerque (Adriana Birolli\/Lilia Cabral): Jos\u00e9 Pedro (Caio Blat), Maria Clara (Andreia Horta) e Jo\u00e3o Lucas (Daniel Rocha). Os tr\u00eas disputam a heran\u00e7a da empresa constru\u00edda pelo pai.<\/p>\n","protected":false},"excerpt":{"rendered":"<p>Resumo novela \u201cImp\u00e9rio\u201d em 21\/09: no cap\u00edtulo 140(*) da novela, Jos\u00e9 Alfredo se emociona ao ver Jo\u00e3o Lucas. Jurema sente ci\u00fames de Cora. Lorraine invade a casa de Silviano. Bruna observa Danielle e Maur\u00edlio. Jos\u00e9 Alfredo pede para Jo\u00e3o Lucas e Du n\u00e3o contarem para ningu\u00e9m sobre sua presen\u00e7a. Robert\u00e3o decide ir para Paris, j\u00e1 [&hellip;]<\/p>\n","protected":false},"author":4,"featured_media":205061,"comment_status":"closed","ping_status":"closed","sticky":false,"template":"","format":"standard","meta":{"tdm_status":"","tdm_grid_status":"","footnotes":""},"categories":[2196,379,375,2025,343],"tags":[441],"class_list":{"0":"post-210607","1":"post","2":"type-post","3":"status-publish","4":"format-standard","5":"has-post-thumbnail","7":"category-imperio","8":"category-novelas","9":"category-rede-globo","10":"category-resumo","11":"category-televisao","12":"tag-resumo-do-dia"},"_links":{"self":[{"href":"https:\/\/migracao.redenoticia.com.br\/noticia\/wp-json\/wp\/v2\/posts\/210607","targetHints":{"allow":["GET"]}}],"collection":[{"href":"https:\/\/migracao.redenoticia.com.br\/noticia\/wp-json\/wp\/v2\/posts"}],"about":[{"href":"https:\/\/migracao.redenoticia.com.br\/noticia\/wp-json\/wp\/v2\/types\/post"}],"author":[{"embeddable":true,"href":"https:\/\/migracao.redenoticia.com.br\/noticia\/wp-json\/wp\/v2\/users\/4"}],"replies":[{"embeddable":true,"href":"https:\/\/migracao.redenoticia.com.br\/noticia\/wp-json\/wp\/v2\/comments?post=210607"}],"version-history":[{"count":0,"href":"https:\/\/migracao.redenoticia.com.br\/noticia\/wp-json\/wp\/v2\/posts\/210607\/revisions"}],"wp:featuredmedia":[{"embeddable":true,"href":"https:\/\/migracao.redenoticia.com.br\/noticia\/wp-json\/wp\/v2\/media\/205061"}],"wp:attachment":[{"href":"https:\/\/migracao.redenoticia.com.br\/noticia\/wp-json\/wp\/v2\/media?parent=210607"}],"wp:term":[{"taxonomy":"category","embeddable":true,"href":"https:\/\/migracao.redenoticia.com.br\/noticia\/wp-json\/wp\/v2\/categories?post=210607"},{"taxonomy":"post_tag","embeddable":true,"href":"https:\/\/migracao.redenoticia.com.br\/noticia\/wp-json\/wp\/v2\/tags?post=210607"}],"curies":[{"name":"wp","href":"https:\/\/api.w.org\/{rel}","templated":true}]}}