{"id":210619,"date":"2021-09-21T15:14:51","date_gmt":"2021-09-21T18:14:51","guid":{"rendered":"https:\/\/www.redenoticia.com.br\/noticia\/?p=210619"},"modified":"2021-09-21T15:14:51","modified_gmt":"2021-09-21T18:14:51","slug":"resumo-te-dou-a-vida-22-09-elena-conhece-a-noiva-de-pedro","status":"publish","type":"post","link":"https:\/\/migracao.redenoticia.com.br\/noticia\/2021\/resumo-te-dou-a-vida-22-09-elena-conhece-a-noiva-de-pedro\/210619","title":{"rendered":"Resumo &#8220;Te dou a vida&#8221; 22\/09: Elena conhece a noiva de Pedro"},"content":{"rendered":"<p><img loading=\"lazy\" decoding=\"async\" class=\"aligncenter size-full wp-image-210432\" src=\"https:\/\/migracao.redenoticia.com.br\/noticia\/imagens\/te-dou-a-vida-elenco-personagem-novela-resumo.jpeg\" alt=\"\" width=\"1280\" height=\"720\" srcset=\"https:\/\/migracao.redenoticia.com.br\/noticia\/imagens\/te-dou-a-vida-elenco-personagem-novela-resumo.jpeg 1280w, https:\/\/migracao.redenoticia.com.br\/noticia\/imagens\/te-dou-a-vida-elenco-personagem-novela-resumo-250x140.jpeg 250w, https:\/\/migracao.redenoticia.com.br\/noticia\/imagens\/te-dou-a-vida-elenco-personagem-novela-resumo-400x225.jpeg 400w, https:\/\/migracao.redenoticia.com.br\/noticia\/imagens\/te-dou-a-vida-elenco-personagem-novela-resumo-768x432.jpeg 768w, https:\/\/migracao.redenoticia.com.br\/noticia\/imagens\/te-dou-a-vida-elenco-personagem-novela-resumo-150x85.jpeg 150w\" sizes=\"auto, (max-width: 1280px) 100vw, 1280px\" \/><\/p>\n<p><strong><em>Resumo da novela &#8220;Te dou a vida&#8221;<\/em><\/strong> em 22\/09: no cap\u00edtulo 003(*) da novela, Nicol\u00e1s \u00e9 submetido a quimioterapias, mas n\u00e3o vai muito bem, pois os sintomas aumentam e ele est\u00e1 muito fraco.<\/p>\n<p>Samuel mostra \u00e0 m\u00e3e a foto de Nicol\u00e1s que Gabriela lhe mandou, ent\u00e3o Esther fica animada ao ver seu neto de sangue.<\/p>\n<p>Pedro est\u00e1 internado no hospital e os exames que foram realizados foram compat\u00edveis com os do pequeno, por isso Elena vai visit\u00e1-lo e faz um coment\u00e1rio com o qual permite que Pedro lhe segure pela m\u00e3o e lhe agrade\u00e7a por ter falado de &#8220;nosso filho&#8221; .<\/p>\n<p>Irene, que \u00e9 a irm\u00e3 mais velha de Elena, chega na casa da irm\u00e3 e faz todo o poss\u00edvel para que Ernesto, seu cunhado, perceba que o carro de Gabriela foi consertado na oficina onde Pedro trabalha.<\/p>\n<p>Em detalhes, Ernesto n\u00e3o quer que Helena tenha contato com o pai biol\u00f3gico de Nicolas, apesar de Pedro estar disposto a doar a medula para o menino. Samuel est\u00e1 muito agradecido a Gabriela por permitir que ele trabalhe na sua empresa, mas ela \u00e9 muito grosseira com ele. Nicolas monta um carro de brinquedo muito parecido com o carro de Pedro e pede \u00e0 m\u00e3e que mande uma foto para ele.<\/p>\n<p>Nicolas tamb\u00e9m faz um desenho dele com Pedro e pede a Ernesto que entregue para o mec\u00e2nico. Gabriela bate o carro e Samuel leva o ve\u00edculo para a oficina onde Pedro trabalha. Quando Helena vai at\u00e9 a oficina para pagar o conserto, Pedro apresenta Gina como sua noiva. Ester acompanha Pedro at\u00e9 o hospital e se emociona ao ver o neto<\/p>\n<p>(*) edi\u00e7\u00e3o das novelas do SBT, &#8220;Te dou a vida&#8221;, sujeito a altera\u00e7\u00e3o de data e conte\u00fado.<\/p>\n<p>Sinopse &#8220;Te dou a vida&#8221;: Nicol\u00e1s (Leonardo Herrera) \u00e9 um garoto de apenas seis anos de idade que padece de leucemia, e necessita de um transplante de medula. Elena (Eva Cede\u00f1o) e Ernesto (Jorge Salinas) s\u00e3o um casal e pais adotivos do menino. Diante da situa\u00e7\u00e3o, o casal decide ir atr\u00e1s do pai biol\u00f3gico da crian\u00e7a, Pedro (Jos\u00e9 Ron). Ele ficar\u00e1 comovido ao conhecer o filho e se aproximar\u00e1 dele e da m\u00e3e adotiva de uma forma muito especial.<\/p>\n","protected":false},"excerpt":{"rendered":"<p>Resumo da novela &#8220;Te dou a vida&#8221; em 22\/09: no cap\u00edtulo 003(*) da novela, Nicol\u00e1s \u00e9 submetido a quimioterapias, mas n\u00e3o vai muito bem, pois os sintomas aumentam e ele est\u00e1 muito fraco. Samuel mostra \u00e0 m\u00e3e a foto de Nicol\u00e1s que Gabriela lhe mandou, ent\u00e3o Esther fica animada ao ver seu neto de sangue. [&hellip;]<\/p>\n","protected":false},"author":4,"featured_media":210433,"comment_status":"closed","ping_status":"closed","sticky":false,"template":"","format":"standard","meta":{"tdm_status":"","tdm_grid_status":"","footnotes":""},"categories":[379,2025,372,2220,343],"tags":[441],"class_list":{"0":"post-210619","1":"post","2":"type-post","3":"status-publish","4":"format-standard","5":"has-post-thumbnail","7":"category-novelas","8":"category-resumo","9":"category-sbt","10":"category-te-dou-a-vida","11":"category-televisao","12":"tag-resumo-do-dia"},"_links":{"self":[{"href":"https:\/\/migracao.redenoticia.com.br\/noticia\/wp-json\/wp\/v2\/posts\/210619","targetHints":{"allow":["GET"]}}],"collection":[{"href":"https:\/\/migracao.redenoticia.com.br\/noticia\/wp-json\/wp\/v2\/posts"}],"about":[{"href":"https:\/\/migracao.redenoticia.com.br\/noticia\/wp-json\/wp\/v2\/types\/post"}],"author":[{"embeddable":true,"href":"https:\/\/migracao.redenoticia.com.br\/noticia\/wp-json\/wp\/v2\/users\/4"}],"replies":[{"embeddable":true,"href":"https:\/\/migracao.redenoticia.com.br\/noticia\/wp-json\/wp\/v2\/comments?post=210619"}],"version-history":[{"count":0,"href":"https:\/\/migracao.redenoticia.com.br\/noticia\/wp-json\/wp\/v2\/posts\/210619\/revisions"}],"wp:featuredmedia":[{"embeddable":true,"href":"https:\/\/migracao.redenoticia.com.br\/noticia\/wp-json\/wp\/v2\/media\/210433"}],"wp:attachment":[{"href":"https:\/\/migracao.redenoticia.com.br\/noticia\/wp-json\/wp\/v2\/media?parent=210619"}],"wp:term":[{"taxonomy":"category","embeddable":true,"href":"https:\/\/migracao.redenoticia.com.br\/noticia\/wp-json\/wp\/v2\/categories?post=210619"},{"taxonomy":"post_tag","embeddable":true,"href":"https:\/\/migracao.redenoticia.com.br\/noticia\/wp-json\/wp\/v2\/tags?post=210619"}],"curies":[{"name":"wp","href":"https:\/\/api.w.org\/{rel}","templated":true}]}}