{"id":21062,"date":"2010-01-03T18:26:33","date_gmt":"2010-01-03T22:26:33","guid":{"rendered":"http:\/\/www.redenoticia.com.br\/noticia\/?p=21062"},"modified":"2010-01-03T18:26:33","modified_gmt":"2010-01-03T22:26:33","slug":"previsao-do-tempo-na-regiao-centro-oeste-de-04-a-0601","status":"publish","type":"post","link":"https:\/\/migracao.redenoticia.com.br\/noticia\/2010\/previsao-do-tempo-na-regiao-centro-oeste-de-04-a-0601\/21062","title":{"rendered":"Previs\u00e3o do tempo na Regi\u00e3o Centro-Oeste de 04 a 06\/01"},"content":{"rendered":"<p><strong><em><img loading=\"lazy\" decoding=\"async\" class=\"alignleft size-full wp-image-21063\" title=\"previsao tempo\" src=\"https:\/\/migracao.redenoticia.com.br\/noticia\/imagens\/previsao-tempo-nebulosidade-2.jpg\" alt=\"\" width=\"300\" height=\"193\" srcset=\"https:\/\/migracao.redenoticia.com.br\/noticia\/imagens\/previsao-tempo-nebulosidade-2.jpg 300w, https:\/\/migracao.redenoticia.com.br\/noticia\/imagens\/previsao-tempo-nebulosidade-2-250x160.jpg 250w, https:\/\/migracao.redenoticia.com.br\/noticia\/imagens\/previsao-tempo-nebulosidade-2-150x96.jpg 150w\" sizes=\"auto, (max-width: 300px) 100vw, 300px\" \/>Previs\u00e3o<\/em><\/strong> do tempo no <strong><em>Centro-Oeste<\/em><\/strong> em 04\/01\/2010: No sul e no leste de GO e no leste de MS: sol com nebulosidade vari\u00e1vel e com possibilidade de pancadas de chuva \u00e0 tarde. No oeste e norte de MT: nublado com pancadas de chuva. Em alguns pontos poder\u00e1 chover forte. Nas demais \u00e1reas da Regi\u00e3o: sol com nebulosidade vari\u00e1vel e com pancadas de chuva a qualquer hora do dia. As temperaturas estar\u00e3o elevadas. Temperatura m\u00e1xima: 35C em MT. Temperatura m\u00ednima: 16C no leste de GO.\u00a0<\/p>\n<p>Previs\u00e3o do tempo no Centro-Oeste em 05\/01\/2010: No centro-leste de GO e no DF: sol com nebulosidade vari\u00e1vel e com fortes pancadas de chuva \u00e0 tarde. No centro-norte e centro-sul de MT: sol com nebulosidade vari\u00e1vel e uma pequena possibilidade de pancadas de chuva. Nas demais \u00e1reas da Regi\u00e3o: sol com nebulosidade vari\u00e1vel e com pancadas de chuva a qualquer hora. As temperaturas estar\u00e3o est\u00e1veis.<\/p>\n<p>Previs\u00e3o do tempo no Centro-Oeste Tend\u00eancia: No oeste de MT e no oeste e sul de MS: sol com nebulosidade vari\u00e1vel e uma pequena possibilidade de pancadas de chuva. Nas demais \u00e1reas da Regi\u00e3o: sol com nebulosidade vari\u00e1vel e com pancadas de chuva a qualquer hora. As temperaturas estar\u00e3o est\u00e1veis. Nos pr\u00f3ximos dois dias haver\u00e1 condi\u00e7\u00e3o de pancadas de chuva em todas as \u00e1reas da Regi\u00e3o.<\/p>\n<p>O Centro de Previs\u00e3o de Tempo e Estudos Clim\u00e1ticos \u2013 CPTEC, do Instituto Nacional de Pesquisas Espaciais \u2013 INPE \u00e9 o passaporte do Brasil para o primeiro mundo das previs\u00f5es meteorol\u00f3gicas. Os supercomputadores vetoriais SX-6 e SX-4 fabricados pela NEC Corporation do Jap\u00e3o, possuem capacidade de processar at\u00e9 768 bilh\u00f5es e 16 bilh\u00f5es de opera\u00e7\u00f5es aritm\u00e9ticas em ponto flutuante por segundo respectivamente. Recentemente adquirido da \u201cNEC Corporation do Jap\u00e3o\u201d um cluster com 1100 processadores fabricado pela \u201cSUN Microsystem\u201d com a capacidade de processar at\u00e9 5.7 trilh\u00f5es de opera\u00e7\u00f5es aritm\u00e9ticas em ponto flutuante por segundo. Isso significa possibilidade de utilizar modelos num\u00e9ricos para simula\u00e7\u00e3o de tempo e clima, integrando informa\u00e7\u00f5es atmosf\u00e9ricas e oce\u00e2nicas. O resultado disso s\u00e3o previs\u00f5es de tempo confi\u00e1veis, para todo o pa\u00eds.\u00a0<\/p>\n<p>Previs\u00e3o do tempo no Centro-Oeste CPTEC\/INPE<\/p>\n","protected":false},"excerpt":{"rendered":"<p>Previs\u00e3o do tempo no Centro-Oeste em 04\/01\/2010: No sul e no leste de GO e no leste de MS: sol com nebulosidade vari\u00e1vel e com possibilidade de pancadas de chuva \u00e0 tarde. No oeste e norte de MT: nublado com pancadas de chuva. Em alguns pontos poder\u00e1 chover forte. Nas demais \u00e1reas da Regi\u00e3o: sol [&hellip;]<\/p>\n","protected":false},"author":3,"featured_media":0,"comment_status":"open","ping_status":"open","sticky":false,"template":"","format":"standard","meta":{"tdm_status":"","tdm_grid_status":"","footnotes":""},"categories":[22,327],"tags":[],"class_list":{"0":"post-21062","1":"post","2":"type-post","3":"status-publish","4":"format-standard","6":"category-brasil","7":"category-clima"},"_links":{"self":[{"href":"https:\/\/migracao.redenoticia.com.br\/noticia\/wp-json\/wp\/v2\/posts\/21062","targetHints":{"allow":["GET"]}}],"collection":[{"href":"https:\/\/migracao.redenoticia.com.br\/noticia\/wp-json\/wp\/v2\/posts"}],"about":[{"href":"https:\/\/migracao.redenoticia.com.br\/noticia\/wp-json\/wp\/v2\/types\/post"}],"author":[{"embeddable":true,"href":"https:\/\/migracao.redenoticia.com.br\/noticia\/wp-json\/wp\/v2\/users\/3"}],"replies":[{"embeddable":true,"href":"https:\/\/migracao.redenoticia.com.br\/noticia\/wp-json\/wp\/v2\/comments?post=21062"}],"version-history":[{"count":0,"href":"https:\/\/migracao.redenoticia.com.br\/noticia\/wp-json\/wp\/v2\/posts\/21062\/revisions"}],"wp:attachment":[{"href":"https:\/\/migracao.redenoticia.com.br\/noticia\/wp-json\/wp\/v2\/media?parent=21062"}],"wp:term":[{"taxonomy":"category","embeddable":true,"href":"https:\/\/migracao.redenoticia.com.br\/noticia\/wp-json\/wp\/v2\/categories?post=21062"},{"taxonomy":"post_tag","embeddable":true,"href":"https:\/\/migracao.redenoticia.com.br\/noticia\/wp-json\/wp\/v2\/tags?post=21062"}],"curies":[{"name":"wp","href":"https:\/\/api.w.org\/{rel}","templated":true}]}}